{"id":3829,"date":"2024-04-23T21:16:07","date_gmt":"2024-04-24T00:16:07","guid":{"rendered":"https:\/\/enlamira.info\/?p=3829"},"modified":"2024-04-23T21:44:37","modified_gmt":"2024-04-24T00:44:37","slug":"nueva-ley-omnibus-pichetto-critico-la-reforma-laboral-y-pidio-tratarla-por-separado","status":"publish","type":"post","link":"https:\/\/enlamira.info\/index.php\/2024\/04\/23\/nueva-ley-omnibus-pichetto-critico-la-reforma-laboral-y-pidio-tratarla-por-separado\/","title":{"rendered":"Nueva Ley \u00d3mnibus: Pichetto critic\u00f3 la reforma laboral y pidi\u00f3 tratarla por separado"},"content":{"rendered":"\n<p>El l\u00edder del bloque Hacemos Coalici\u00f3n Federal reclam\u00f3 que se convoque a gremios y empresarios para debatir la iniciativa que busca reducir las reglamentaciones laborales en el pa\u00eds.<\/p>\n\n\n\n<p>El debate en comisiones de la nueva\u00a0Ley \u00d3mnibus\u00a0que present\u00f3\u00a0el Gobierno\u00a0en la\u00a0C\u00e1mara de Diputados, vuelve a tensionarse de la mano de la reforma laboral que pretende llevar adelante el presidente\u00a0Javier Milei,\u00a0ya que desde la oposici\u00f3n solicitaron que se haga una convocatoria a todos los actores del sector para definir la nueva normativa.<\/p>\n\n\n\n<p>El principal promotor de este es el jefe del bloque\u00a0Hacemos Coalici\u00f3n Federal\u00a0(HCF),\u00a0Miguel \u00c1ngel Pichetto, quien exigi\u00f3 al oficialismo que se siga debatiendo el tema laboral, pero sin incluirlo dentro del paquete de leyes que involucra la\u00a0Ley Bases\u00a0presentada por el oficialismo<\/p>\n\n\n\n<p>\u201cSeguimos dialogando porque han incorporado algunos temas nuevos.\u00a0El domingo por la tarde incorporaron una ley laboral de 60 art\u00edculos. Eso no estaba hablado\u201d, indic\u00f3 Pichetto durante el debate en comisi\u00f3n. A lo que agreg\u00f3 que \u201chab\u00eda una iniciativa de la\u00a0UCR, pero no este proyecto que present\u00f3 el Gobierno a trav\u00e9s del secretario de Trabajo\u201d.<\/p>\n\n\n\n<p>La opini\u00f3n del legislador alineado con la\u00a0Coalici\u00f3n C\u00edvica,\u00a0tienen mucha repercusi\u00f3n en el oficialismo, por su experiencia en\u00a0la C\u00e1mara\u00a0y su cercan\u00eda con el ministro del Interior, Guillermo francos. Por lo que el tema de la reforma laboral podr\u00eda salir del paquete enviado a Diputados.<\/p>\n\n\n\n<p>\u201cEsto obliga a que en el marco de la discusi\u00f3n en t\u00e9rminos de sacar dictamen lo revisemos. Si vienen con una ley nueva, integral,\u00a0hay que tratarla por separado. Citar a los gremios y a los empresarios. Hay que discutir en la comisi\u00f3n de Trabajo con m\u00e1s detenimiento\u201d, sostuvo Pichetto, en declaraciones radiales.<\/p>\n\n\n\n<p>En ese sentido, el ex candidato a viceprimer de\u00a0Mauricio Macri, a\u00f1adi\u00f3: \u201cEstamos haciendo todo el esfuerzo para que la Ley y el cap\u00edtulo fiscal puedan salir. Ya est\u00e1 planteada la agenda para el 29 y 30, cosa de terminar en la madrugada del 1\u00b0 para ir al Senado con la ley\u201d.<\/p>\n","protected":false},"excerpt":{"rendered":"<p>El l\u00edder del bloque Hacemos Coalici\u00f3n Federal reclam\u00f3 que se convoque a gremios y empresarios para debatir la iniciativa que busca reducir las reglamentaciones laborales en el pa\u00eds. El debate en comisiones de la nueva\u00a0Ley \u00d3mnibus\u00a0que present\u00f3\u00a0el Gobierno\u00a0en la\u00a0C\u00e1mara de Diputados, vuelve a tensionarse de la mano de la reforma laboral que pretende llevar adelante [&hellip;]<\/p>\n","protected":false},"author":2,"featured_media":3831,"comment_status":"open","ping_status":"open","sticky":false,"template":"","format":"standard","meta":{"footnotes":""},"categories":[20],"tags":[],"_links":{"self":[{"href":"https:\/\/enlamira.info\/index.php\/wp-json\/wp\/v2\/posts\/3829"}],"collection":[{"href":"https:\/\/enlamira.info\/index.php\/wp-json\/wp\/v2\/posts"}],"about":[{"href":"https:\/\/enlamira.info\/index.php\/wp-json\/wp\/v2\/types\/post"}],"author":[{"embeddable":true,"href":"https:\/\/enlamira.info\/index.php\/wp-json\/wp\/v2\/users\/2"}],"replies":[{"embeddable":true,"href":"https:\/\/enlamira.info\/index.php\/wp-json\/wp\/v2\/comments?post=3829"}],"version-history":[{"count":1,"href":"https:\/\/enlamira.info\/index.php\/wp-json\/wp\/v2\/posts\/3829\/revisions"}],"predecessor-version":[{"id":3830,"href":"https:\/\/enlamira.info\/index.php\/wp-json\/wp\/v2\/posts\/3829\/revisions\/3830"}],"wp:featuredmedia":[{"embeddable":true,"href":"https:\/\/enlamira.info\/index.php\/wp-json\/wp\/v2\/media\/3831"}],"wp:attachment":[{"href":"https:\/\/enlamira.info\/index.php\/wp-json\/wp\/v2\/media?parent=3829"}],"wp:term":[{"taxonomy":"category","embeddable":true,"href":"https:\/\/enlamira.info\/index.php\/wp-json\/wp\/v2\/categories?post=3829"},{"taxonomy":"post_tag","embeddable":true,"href":"https:\/\/enlamira.info\/index.php\/wp-json\/wp\/v2\/tags?post=3829"}],"curies":[{"name":"wp","href":"https:\/\/api.w.org\/{rel}","templated":true}]}}