{"id":3826,"date":"2024-04-23T21:14:38","date_gmt":"2024-04-24T00:14:38","guid":{"rendered":"https:\/\/enlamira.info\/?p=3826"},"modified":"2024-04-23T21:45:40","modified_gmt":"2024-04-24T00:45:40","slug":"rodriguez-larreta-se-sumo-a-la-marcha-universitaria-yo-defiendo-a-la-educacion-publica","status":"publish","type":"post","link":"https:\/\/enlamira.info\/index.php\/2024\/04\/23\/rodriguez-larreta-se-sumo-a-la-marcha-universitaria-yo-defiendo-a-la-educacion-publica\/","title":{"rendered":"Rodr\u00edguez Larreta se sum\u00f3 a la marcha universitaria: \u201cYo defiendo a la educaci\u00f3n p\u00fablica\u201d"},"content":{"rendered":"\n<p>El ex jefe de Gobierno porte\u00f1o mostr\u00f3 su apoyo a la movilizaci\u00f3n en contra del ajuste que lleva adelante el presidente Javier Milei.<\/p>\n\n\n\n<p>En la previa a la gran movilizaci\u00f3n que se lleva adelante en la tarde de este marte, en reclamo por los\u00a0recortes presupuestarios\u00a0que hizo el gobierno de\u00a0Javier Milei\u00a0a las universidades p\u00fablicas. El ex jefe de gobierno de la Ciudad de Buenos Aires,\u00a0Horacio Rodr\u00edguez Larreta, se mostr\u00f3 en favor de la marcha federal.<\/p>\n\n\n\n<p>\u201cYo defiendo a la educaci\u00f3n p\u00fablica\u201d, se\u00f1al\u00f3 el ex precandidato a presidente del\u00a0PRO, en su cuenta de\u00a0X\u00a0(ex Twitter), acompa\u00f1ado de una foto con estudiantes en las puertas del rectorado de la\u00a0Universidad de Buenos Aires\u00a0(UBA).<\/p>\n\n\n\n<p>La casa de altos estudios porte\u00f1a fue la primera en\u00a0convocar a la movilizaci\u00f3n\u00a0en defensas de la educaci\u00f3n p\u00fablica, luego de la decisi\u00f3n de la gesti\u00f3n libertaria de\u00a0recortar las partidas de dinero\u00a0que el Estado nacional env\u00eda a las universidades de todo el pa\u00eds para que se sostengan y sigan en funciones.<\/p>\n\n\n\n<p>De este modo, Larreta se posicion\u00f3 en la disputa pol\u00edtica que atraviesa el PRO desde\u00a0su decisi\u00f3n\u00a0de presentarse a elecciones internas contra\u00a0Patricia Bullrich, quien fue la ganadora dentro del partido y compiti\u00f3 en las generales para la presidencia con Milei y\u00a0Sergio Massa. Lo que deriv\u00f3 en la alianza pol\u00edtica que gestaron desde el ala m\u00e1s dura del partido amarillo con los libertarios dejando afuera del armado al ec alcalde porte\u00f1o.<\/p>\n","protected":false},"excerpt":{"rendered":"<p>El ex jefe de Gobierno porte\u00f1o mostr\u00f3 su apoyo a la movilizaci\u00f3n en contra del ajuste que lleva adelante el presidente Javier Milei. En la previa a la gran movilizaci\u00f3n que se lleva adelante en la tarde de este marte, en reclamo por los\u00a0recortes presupuestarios\u00a0que hizo el gobierno de\u00a0Javier Milei\u00a0a las universidades p\u00fablicas. El ex [&hellip;]<\/p>\n","protected":false},"author":2,"featured_media":3828,"comment_status":"open","ping_status":"open","sticky":false,"template":"","format":"standard","meta":{"footnotes":""},"categories":[20],"tags":[],"_links":{"self":[{"href":"https:\/\/enlamira.info\/index.php\/wp-json\/wp\/v2\/posts\/3826"}],"collection":[{"href":"https:\/\/enlamira.info\/index.php\/wp-json\/wp\/v2\/posts"}],"about":[{"href":"https:\/\/enlamira.info\/index.php\/wp-json\/wp\/v2\/types\/post"}],"author":[{"embeddable":true,"href":"https:\/\/enlamira.info\/index.php\/wp-json\/wp\/v2\/users\/2"}],"replies":[{"embeddable":true,"href":"https:\/\/enlamira.info\/index.php\/wp-json\/wp\/v2\/comments?post=3826"}],"version-history":[{"count":1,"href":"https:\/\/enlamira.info\/index.php\/wp-json\/wp\/v2\/posts\/3826\/revisions"}],"predecessor-version":[{"id":3827,"href":"https:\/\/enlamira.info\/index.php\/wp-json\/wp\/v2\/posts\/3826\/revisions\/3827"}],"wp:featuredmedia":[{"embeddable":true,"href":"https:\/\/enlamira.info\/index.php\/wp-json\/wp\/v2\/media\/3828"}],"wp:attachment":[{"href":"https:\/\/enlamira.info\/index.php\/wp-json\/wp\/v2\/media?parent=3826"}],"wp:term":[{"taxonomy":"category","embeddable":true,"href":"https:\/\/enlamira.info\/index.php\/wp-json\/wp\/v2\/categories?post=3826"},{"taxonomy":"post_tag","embeddable":true,"href":"https:\/\/enlamira.info\/index.php\/wp-json\/wp\/v2\/tags?post=3826"}],"curies":[{"name":"wp","href":"https:\/\/api.w.org\/{rel}","templated":true}]}}