{"id":3823,"date":"2024-04-23T21:13:33","date_gmt":"2024-04-24T00:13:33","guid":{"rendered":"https:\/\/enlamira.info\/?p=3823"},"modified":"2024-04-23T21:46:16","modified_gmt":"2024-04-24T00:46:16","slug":"cristina-kirchner-alento-la-marcha-universitaria-desde-el-balcon-del-instituto-patria","status":"publish","type":"post","link":"https:\/\/enlamira.info\/index.php\/2024\/04\/23\/cristina-kirchner-alento-la-marcha-universitaria-desde-el-balcon-del-instituto-patria\/","title":{"rendered":"Cristina Kirchner alent\u00f3 la marcha universitaria desde el balc\u00f3n del Instituto Patria"},"content":{"rendered":"\n<p>La exvicepresidenta salud\u00f3 a los manifestantes y mostr\u00f3 su apoyo a la educaci\u00f3n p\u00fablica mientras agitaba un buzo de la Universidad Nacional de La Plata.<\/p>\n\n\n\n<p>En un gesto que captur\u00f3 la atenci\u00f3n de muchos,\u00a0Cristina Kirchner\u00a0reapareci\u00f3 este martes desde el balc\u00f3n del Instituto Patria para saludar a los manifestantes de la\u00a0marcha universitaria.\u00a0<\/p>\n\n\n\n<p>Con un buzo de la Universidad Nacional de La Plata en mano, lugar donde curs\u00f3 sus estudios de Abogac\u00eda, la exvicepresidenta mostr\u00f3 su apoyo a las demandas por la educaci\u00f3n p\u00fablica.<\/p>\n\n\n\n<p>El evento ocurri\u00f3 cerca de las 16 horas, justo cuando una multitud se congregaba frente al Instituto en Rodr\u00edguez Pe\u00f1a al 80. El video, capturado por un usuario de Twitter bajo el alias \u201cSuperl\u00f3gico\u201d, no tard\u00f3 en viralizarse en las redes sociales.&nbsp;<\/p>\n\n\n\n<p>Durante el saludo, la exmandataria se encontraba apoyada en la baranda del balc\u00f3n, que estaba adornado con una bandera argentina.<\/p>\n\n\n\n<p>Previamente, este mismo martes, Kirchner hab\u00eda activado las redes sociales compartiendo un recuerdo personal y pol\u00edtico en su cuenta de Twitter, donde mostr\u00f3 su\u00a0ficha universitaria\u00a0junto a la de N\u00e9stor Kirchner.\u00a0<\/p>\n\n\n\n<p>\u201cNuestras fichas de la Universidad Nacional de La Plata y nosotros dos en el verano del 75\u2019-76\u2019, todav\u00eda estudiantes.\u00a0\u00bfQui\u00e9n pod\u00eda imaginar que 27 a\u00f1os despu\u00e9s \u00edbamos a presidir una Argentina en la cual creamos e inauguramos 16 nuevas universidades p\u00fablicas logrando que, por primera vez, todas las provincias tengan una universidad p\u00fablica?\u201d, expres\u00f3 Cristina en su mensaje.<\/p>\n\n\n\n<p>Y a\u00f1adi\u00f3: \u201cLo pudimos hacer cuando revertimos la relaci\u00f3n entre los recursos afectados a la educaci\u00f3n y al pago de la deuda externa. En el 2003: 3% del PBI para educaci\u00f3n y 5% para deuda externa. En el 2015, al cabo de los tres per\u00edodos de gobierno: 6,3% del PBI para educaci\u00f3n y 1,5% para deuda p\u00fablica. No fue magia\u201d.<\/p>\n\n\n\n<p>\u201cEducaci\u00f3n p\u00fablica para la igualdad de oportunidades\u201d, concluy\u00f3 en referencia a una de las consignas de apoyo a la marcha universitaria federal.&nbsp;<\/p>\n\n\n\n<p>A pesar de su apoyo a la distancia, la exmandataria no se sum\u00f3 a la concentraci\u00f3n, que por esa hora ya era masiva: llenaba la\u00a0Plaza de Mayo, Avenida de Mayo y la Plaza del Congreso.<\/p>\n\n\n\n<p>Sin embargo, otras figuras pol\u00edticas como Axel Kicillof, gobernador de Buenos Aires, Malena Galmarini y Sergio Massa, s\u00ed se hicieron presentes en la marcha, junto a l\u00edderes sindicales y otros pol\u00edticos del \u00e1mbito peronista.&nbsp;<\/p>\n","protected":false},"excerpt":{"rendered":"<p>La exvicepresidenta salud\u00f3 a los manifestantes y mostr\u00f3 su apoyo a la educaci\u00f3n p\u00fablica mientras agitaba un buzo de la Universidad Nacional de La Plata. En un gesto que captur\u00f3 la atenci\u00f3n de muchos,\u00a0Cristina Kirchner\u00a0reapareci\u00f3 este martes desde el balc\u00f3n del Instituto Patria para saludar a los manifestantes de la\u00a0marcha universitaria.\u00a0 Con un buzo de [&hellip;]<\/p>\n","protected":false},"author":2,"featured_media":3825,"comment_status":"open","ping_status":"open","sticky":false,"template":"","format":"standard","meta":{"footnotes":""},"categories":[20],"tags":[],"_links":{"self":[{"href":"https:\/\/enlamira.info\/index.php\/wp-json\/wp\/v2\/posts\/3823"}],"collection":[{"href":"https:\/\/enlamira.info\/index.php\/wp-json\/wp\/v2\/posts"}],"about":[{"href":"https:\/\/enlamira.info\/index.php\/wp-json\/wp\/v2\/types\/post"}],"author":[{"embeddable":true,"href":"https:\/\/enlamira.info\/index.php\/wp-json\/wp\/v2\/users\/2"}],"replies":[{"embeddable":true,"href":"https:\/\/enlamira.info\/index.php\/wp-json\/wp\/v2\/comments?post=3823"}],"version-history":[{"count":1,"href":"https:\/\/enlamira.info\/index.php\/wp-json\/wp\/v2\/posts\/3823\/revisions"}],"predecessor-version":[{"id":3824,"href":"https:\/\/enlamira.info\/index.php\/wp-json\/wp\/v2\/posts\/3823\/revisions\/3824"}],"wp:featuredmedia":[{"embeddable":true,"href":"https:\/\/enlamira.info\/index.php\/wp-json\/wp\/v2\/media\/3825"}],"wp:attachment":[{"href":"https:\/\/enlamira.info\/index.php\/wp-json\/wp\/v2\/media?parent=3823"}],"wp:term":[{"taxonomy":"category","embeddable":true,"href":"https:\/\/enlamira.info\/index.php\/wp-json\/wp\/v2\/categories?post=3823"},{"taxonomy":"post_tag","embeddable":true,"href":"https:\/\/enlamira.info\/index.php\/wp-json\/wp\/v2\/tags?post=3823"}],"curies":[{"name":"wp","href":"https:\/\/api.w.org\/{rel}","templated":true}]}}