{"id":3820,"date":"2024-04-23T21:12:36","date_gmt":"2024-04-24T00:12:36","guid":{"rendered":"https:\/\/enlamira.info\/?p=3820"},"modified":"2024-04-23T21:48:29","modified_gmt":"2024-04-24T00:48:29","slug":"victoria-villarruel-cuestiono-el-discurso-de-taty-almeida-en-la-marcha-y-evoco-a-hebe-de-bonafini","status":"publish","type":"post","link":"https:\/\/enlamira.info\/index.php\/2024\/04\/23\/victoria-villarruel-cuestiono-el-discurso-de-taty-almeida-en-la-marcha-y-evoco-a-hebe-de-bonafini\/","title":{"rendered":"Victoria Villarruel cuestion\u00f3 el discurso de Taty Almeida en la marcha y evoc\u00f3 a Hebe de Bonafini"},"content":{"rendered":"\n<p>La vicepresidenta utiliz\u00f3 su cuenta en X para responder el discurso de la integrante de Madres de Plaza de Mayo en la marcha por la educaci\u00f3n p\u00fablica.<\/p>\n\n\n\n<p>En la tarde el martes, la vicepresidenta\u00a0Victoria Villarruel\u00a0tom\u00f3 las redes sociales para expresar su desacuerdo con las palabras de Taty Almeida, destacada figura de Madres de Plaza de Mayo L\u00ednea Fundadora, durante una reciente\u00a0marcha en defensa de la educaci\u00f3n p\u00fablica.<\/p>\n\n\n\n<p>Utilizando su plataforma en X, Villarruel public\u00f3 un mensaje que parec\u00eda invocar a Hebe de Bonafini, fallecida hace dos a\u00f1os:&nbsp;\u201cHebe lo que te perdiste\u2026\u201d, escribi\u00f3 junto a un video del discurso de Almeida.<\/p>\n\n\n\n<p>Durante el acto, Almeida critic\u00f3 la pol\u00edtica del actual gobierno sobre la financiaci\u00f3n de la educaci\u00f3n p\u00fablica, enfatizando que la manifestaci\u00f3n era \u201cpol\u00edtica pero no partidista\u201d.<\/p>\n\n\n\n<p>\u201cEstamos para repudiar entre otras cosas la decisi\u00f3n del presidente Milei de no querer subsidiar a las universidades p\u00fablicas, a los colegios p\u00fablicos.&nbsp;El presidente dijo que es una marcha pol\u00edtica, por supuesto es pol\u00edtica, pero no partidista\u201d, dijo la activista.<\/p>\n\n\n\n<p>Y subray\u00f3: \u201c(Milei) critic\u00f3 tambi\u00e9n que los sindicatos est\u00e9n marchando con todos. Por supuesto, porque los sindicalistas tambi\u00e9n gracias a la educaci\u00f3n p\u00fablica, y a los colegios p\u00fablicos, han mandado y siguen mandando a sus hijos e hijas a la universidad y al colegio\u201d.<\/p>\n\n\n\n<p>\u201cQueridos compa\u00f1eros, la lucha no termina hoy, no. Hay que continuar la lucha porque si bien perdimos una elecci\u00f3n, no nos han vencido\u201d, sentenci\u00f3 Almeida. Justamente, fue esta \u00faltima frase la parte a la que aludi\u00f3 espec\u00edficamente Villarruel.<\/p>\n\n\n\n<p>\u201cHebe, lo que te perdiste\u2026\u201d, escribi\u00f3. Hebe de Bonafini, fundadora de la agrupaci\u00f3n Madres de Plaza de Mayo, muri\u00f3 en noviembre de 2022, a los 93 a\u00f1os.<\/p>\n\n\n\n<p>La respuesta de Villarruel ha generado controversia en el sector pol\u00edtico. De hecho, Anabel Sagasti, senadora nacional por Mendoza y militante peronista, respondi\u00f3 a la vicepresidenta y la calific\u00f3 de \u201cser humano horrible\u201d en un comentario tambi\u00e9n publicado en X.<\/p>\n\n\n\n<h3 class=\"wp-block-heading\"><strong>El Gobierno y la Marcha Federal Universitaria<\/strong><\/h3>\n\n\n\n<p>Las&nbsp;universidades p\u00fablicas&nbsp;de todo el pa\u00eds llevaron a cabo una marcha para expresar su preocupaci\u00f3n por la dif\u00edcil situaci\u00f3n que enfrentan muchas instituciones educativas y para exigir una&nbsp;actualizaci\u00f3n&nbsp;por inflaci\u00f3n de los salarios y el presupuesto destinado a la formaci\u00f3n de miles de estudiantes.<\/p>\n\n\n\n<p>Docentes, alumnos y miembros de la comunidad directiva de las universidades p\u00fablicas de todo el territorio nacional se unieron en esta movilizaci\u00f3n, que tuvo varios puntos de encuentro.<\/p>\n\n\n\n<p>En esta jornada, en la que se esperaba una concentraci\u00f3n masiva, la Casa Rosada qued\u00f3 vac\u00eda a las 17 horas, ya que el Gobierno hab\u00eda autorizado a los funcionarios y al personal a abandonar el lugar antes de la llegada de los manifestantes. El presidente Javier Milei tambi\u00e9n dej\u00f3 el lugar alrededor de las 16 horas y continu\u00f3 con su agenda en Olivos.<\/p>\n\n\n\n<p>Seg\u00fan fuentes gubernamentales, la marcha \u201cno fue t\u00f3pico de conversaci\u00f3n salvo a la ma\u00f1ana\u201d. En ese momento, se realiz\u00f3 un an\u00e1lisis de la situaci\u00f3n y se consider\u00f3 que&nbsp;\u201ccon el tema universitario saldado, la motivaci\u00f3n es claramente otra\u201d. Esto se refiere al anuncio realizado el lunes, cuando se deposit\u00f3 el 70% de la actualizaci\u00f3n del presupuesto operativo, que se sum\u00f3 a otro monto previo id\u00e9ntico. A pesar de este incremento del 140%, los universitarios consideran que a\u00fan est\u00e1n un 160% por debajo del aumento inflacionario del \u00faltimo a\u00f1o.<\/p>\n","protected":false},"excerpt":{"rendered":"<p>La vicepresidenta utiliz\u00f3 su cuenta en X para responder el discurso de la integrante de Madres de Plaza de Mayo en la marcha por la educaci\u00f3n p\u00fablica. En la tarde el martes, la vicepresidenta\u00a0Victoria Villarruel\u00a0tom\u00f3 las redes sociales para expresar su desacuerdo con las palabras de Taty Almeida, destacada figura de Madres de Plaza de [&hellip;]<\/p>\n","protected":false},"author":2,"featured_media":3822,"comment_status":"open","ping_status":"open","sticky":false,"template":"","format":"standard","meta":{"footnotes":""},"categories":[20],"tags":[],"_links":{"self":[{"href":"https:\/\/enlamira.info\/index.php\/wp-json\/wp\/v2\/posts\/3820"}],"collection":[{"href":"https:\/\/enlamira.info\/index.php\/wp-json\/wp\/v2\/posts"}],"about":[{"href":"https:\/\/enlamira.info\/index.php\/wp-json\/wp\/v2\/types\/post"}],"author":[{"embeddable":true,"href":"https:\/\/enlamira.info\/index.php\/wp-json\/wp\/v2\/users\/2"}],"replies":[{"embeddable":true,"href":"https:\/\/enlamira.info\/index.php\/wp-json\/wp\/v2\/comments?post=3820"}],"version-history":[{"count":2,"href":"https:\/\/enlamira.info\/index.php\/wp-json\/wp\/v2\/posts\/3820\/revisions"}],"predecessor-version":[{"id":3840,"href":"https:\/\/enlamira.info\/index.php\/wp-json\/wp\/v2\/posts\/3820\/revisions\/3840"}],"wp:featuredmedia":[{"embeddable":true,"href":"https:\/\/enlamira.info\/index.php\/wp-json\/wp\/v2\/media\/3822"}],"wp:attachment":[{"href":"https:\/\/enlamira.info\/index.php\/wp-json\/wp\/v2\/media?parent=3820"}],"wp:term":[{"taxonomy":"category","embeddable":true,"href":"https:\/\/enlamira.info\/index.php\/wp-json\/wp\/v2\/categories?post=3820"},{"taxonomy":"post_tag","embeddable":true,"href":"https:\/\/enlamira.info\/index.php\/wp-json\/wp\/v2\/tags?post=3820"}],"curies":[{"name":"wp","href":"https:\/\/api.w.org\/{rel}","templated":true}]}}