{"id":3817,"date":"2024-04-23T21:11:04","date_gmt":"2024-04-24T00:11:04","guid":{"rendered":"https:\/\/enlamira.info\/?p=3817"},"modified":"2024-04-23T21:50:09","modified_gmt":"2024-04-24T00:50:09","slug":"la-marcha-universitaria-culmino-con-un-discurso-en-plaza-de-mayo-ante-mas-de-150-000-personas","status":"publish","type":"post","link":"https:\/\/enlamira.info\/index.php\/2024\/04\/23\/la-marcha-universitaria-culmino-con-un-discurso-en-plaza-de-mayo-ante-mas-de-150-000-personas\/","title":{"rendered":"La marcha universitaria culmin\u00f3 con un discurso en Plaza de Mayo ante m\u00e1s de 150.000 personas"},"content":{"rendered":"\n<p>En una multitudinaria manifestaci\u00f3n, las autoridades de la UBA y otras universidades nacionales se unieron contra el recorte presupuestario en educaci\u00f3n.<\/p>\n\n\n\n<p>En el marco de la jornada de\u00a0manifestaci\u00f3n\u00a0contra el recorte presupuestario para las universidades,\u00a0m\u00e1s de 150.000 estudiantes universitarios se congregaron en la Plaza de Mayo\u00a0para la lectura del documento firmado por todos los directivos de las universidades del pa\u00eds.<\/p>\n\n\n\n<p>Piera Fernandez De Piccoli, presidenta de la FUA, fue la encargada de leer el escrito que criticaba duramente la pol\u00edtica educativa actual del gobierno.\u00a0\u201cLa universidad p\u00fablica argentina atraviesa un per\u00edodo cr\u00edtico como consecuencia de la pol\u00edtica implementada por el gobierno nacional\u201d, declar\u00f3 Fern\u00e1ndez, quien hizo un llamado a la ciudadan\u00eda para mantener las universidades abiertas como \u201cmotores de la democracia\u201d.<\/p>\n\n\n\n<p>La dirigente estudiantil tambi\u00e9n destac\u00f3 que, a pesar de los recientes anuncios de aumento por parte del\u00a0gobierno, estos son insuficientes para cubrir las necesidades b\u00e1sicas de mantenimiento de los edificios universitarios y el bienestar de la comunidad educativa, incluyendo becas y servicios b\u00e1sicos.<\/p>\n\n\n\n<p>\u201cNuestras universidades han sufrido un\u00a0fuerte ajuste en t\u00e9rminos reales en los denominados gastos de funcionamiento; la partida que mes a mes el Poder Ejecutivo env\u00eda a las Universidades para que puedan funcionar (mantener edificios, realizar obras, sostener programas de becas, residencias y comedores, incentivar el desarrollo cient\u00edfico, financiar hospitales, laboratorios y proyectos de investigaci\u00f3n, y pagar servicios b\u00e1sicos, alquileres, seguros y la protecci\u00f3n de sus sedes)\u201d, comenz\u00f3 el documento.\u00a0\u201cTodo fue congelado a valores de septiembre de 2023\u201d, enfatiz\u00f3.<\/p>\n\n\n\n<p>\u201cLlegamos a marzo de 2024 con un presupuesto de gastos a valores de septiembre de 2022. El incremento del 70% de estas partidas dispuesto para el mes de marzo, m\u00e1s el reciente anuncio, en el marco de esta convocatoria, de un 70% adicional, constituyen un aliciente a\u00fan insuficiente, en tanto la inflaci\u00f3n fue de un 300% en el mismo per\u00edodo de tiempo\u201d, agreg\u00f3 Fern\u00e1ndez.<\/p>\n\n\n\n<p>\u201cAdem\u00e1s, las obras del Programa Nacional de Infraestructura Universitaria, que habilitaba la posibilidad de desarrollar la infraestructura incorporando obras que por su envergadura es imposible afrontar con propio presupuesto, se encuentran paralizadas y no hay certezas ni informaci\u00f3n respecto de su continuidad\u201d, detall\u00f3.<\/p>\n\n\n\n<p>En esta l\u00ednea, desestim\u00f3 que haya un\u00a0consenso con los funcionarios del Poder Ejecutivo, luego de los aumentos anunciados en las \u00faltimas horas.\u00a0\u201cEl aumento anunciado por el gobierno es absolutamente insuficiente\u201d, sostuvo.<\/p>\n\n\n\n<p>En ese fragmento, el documento explic\u00f3: \u201cCabe destacar que m\u00e1s del 90% de lo que el Estado destina a la Educaci\u00f3n Superior est\u00e1 dirigido a salarios de quienes trabajan como docentes y nodocentes en las universidades.\u00a0En estos \u00faltimos meses, el salario de las trabajadoras y trabajadores ha perdido 50 % respecto de la inflaci\u00f3n.\u00a0Este deterioro salarial se hermana con el del resto de sectores del mundo del trabajo. Ello lleva a retomar consignas de hace m\u00e1s de 20 a\u00f1os: \u00a1Ning\u00fan trabajador o trabajadora de las universidades nacionales por debajo de la l\u00ednea de pobreza!\u201d, reclamaron.<\/p>\n\n\n\n<p>La exposici\u00f3n de la presidenta del movimiento estudiantil fue el cierre de la hist\u00f3rica jornada, que seg\u00fan c\u00e1lculos de la\u00a0UBA, moviliz\u00f3 s\u00f3lo en la Ciudad de Buenos Aires a m\u00e1s de 800 mil personas.\u00a0<\/p>\n\n\n\n<p>Finalmente, el \u00faltimo fragmento del mensaje consensuado hizo alusi\u00f3n al esp\u00edritu de la marcha: \u201cTodos los problemas que tenemos se resuelven con m\u00e1s educaci\u00f3n y Universidad p\u00fablica, con m\u00e1s inversi\u00f3n en ciencia y tecnolog\u00eda. Queremos que nuestras instituciones sean el dispositivo que le permitan a la Argentina desandar las desigualdades estructurales y emprender la senda del desarrollo y la soberan\u00eda. La educaci\u00f3n nos salva y nos hace libres. Convocamos a la sociedad Argentina a defenderla\u201d, cerr\u00f3 Fern\u00e1ndez De Piccoli.<\/p>\n","protected":false},"excerpt":{"rendered":"<p>En una multitudinaria manifestaci\u00f3n, las autoridades de la UBA y otras universidades nacionales se unieron contra el recorte presupuestario en educaci\u00f3n. En el marco de la jornada de\u00a0manifestaci\u00f3n\u00a0contra el recorte presupuestario para las universidades,\u00a0m\u00e1s de 150.000 estudiantes universitarios se congregaron en la Plaza de Mayo\u00a0para la lectura del documento firmado por todos los directivos de [&hellip;]<\/p>\n","protected":false},"author":2,"featured_media":3819,"comment_status":"open","ping_status":"open","sticky":false,"template":"","format":"standard","meta":{"footnotes":""},"categories":[20],"tags":[],"_links":{"self":[{"href":"https:\/\/enlamira.info\/index.php\/wp-json\/wp\/v2\/posts\/3817"}],"collection":[{"href":"https:\/\/enlamira.info\/index.php\/wp-json\/wp\/v2\/posts"}],"about":[{"href":"https:\/\/enlamira.info\/index.php\/wp-json\/wp\/v2\/types\/post"}],"author":[{"embeddable":true,"href":"https:\/\/enlamira.info\/index.php\/wp-json\/wp\/v2\/users\/2"}],"replies":[{"embeddable":true,"href":"https:\/\/enlamira.info\/index.php\/wp-json\/wp\/v2\/comments?post=3817"}],"version-history":[{"count":1,"href":"https:\/\/enlamira.info\/index.php\/wp-json\/wp\/v2\/posts\/3817\/revisions"}],"predecessor-version":[{"id":3818,"href":"https:\/\/enlamira.info\/index.php\/wp-json\/wp\/v2\/posts\/3817\/revisions\/3818"}],"wp:featuredmedia":[{"embeddable":true,"href":"https:\/\/enlamira.info\/index.php\/wp-json\/wp\/v2\/media\/3819"}],"wp:attachment":[{"href":"https:\/\/enlamira.info\/index.php\/wp-json\/wp\/v2\/media?parent=3817"}],"wp:term":[{"taxonomy":"category","embeddable":true,"href":"https:\/\/enlamira.info\/index.php\/wp-json\/wp\/v2\/categories?post=3817"},{"taxonomy":"post_tag","embeddable":true,"href":"https:\/\/enlamira.info\/index.php\/wp-json\/wp\/v2\/tags?post=3817"}],"curies":[{"name":"wp","href":"https:\/\/api.w.org\/{rel}","templated":true}]}}