{"id":3753,"date":"2024-04-22T18:31:46","date_gmt":"2024-04-22T21:31:46","guid":{"rendered":"https:\/\/enlamira.info\/?p=3753"},"modified":"2024-04-22T18:42:55","modified_gmt":"2024-04-22T21:42:55","slug":"ofrecen-5-millones-de-recompensa-por-el-paradero-del-asesino-del-peluquero-en-recoleta","status":"publish","type":"post","link":"https:\/\/enlamira.info\/index.php\/2024\/04\/22\/ofrecen-5-millones-de-recompensa-por-el-paradero-del-asesino-del-peluquero-en-recoleta\/","title":{"rendered":"Ofrecen $5 millones de recompensa por el paradero del asesino del peluquero en Recoleta"},"content":{"rendered":"\n<p>El hombre acusado por matar a sangre fr\u00eda al colorista Germ\u00e1n Medina a\u00fan se mantiene pr\u00f3fugo desde hace un mes.<\/p>\n\n\n\n<p>Luis Abel \u201cAbelo\u201d Guzm\u00e1n, el peluquero de 43 a\u00f1os que\u00a0asesin\u00f3\u00a0a sangre fr\u00eda a su compa\u00f1ero\u00a0Germ\u00e1n Medina\u00a0el pasado 20 de marzo, que trabajaba como colorista en el mismo local ubicado en el barrio de\u00a0Recoleta, est\u00e1 pr\u00f3fugo desde hace m\u00e1s de un mes.<\/p>\n\n\n\n<p>En medio de la conmoci\u00f3n provocado por el brutal homicidio ocurrido frente a sus compa\u00f1eros, Ministerio de Seguridad emiti\u00f3 una alerta de b\u00fasqueda y ofreci\u00f3 la suma de 5 millones de pesos como recompensa para quien aporte datos que permitan localizarlo.<\/p>\n\n\n\n<p>\u201cDesde el Programa Nacional de Recompensas de este Ministerio, colaboramos con las autoridades de Seguridad de la Ciudad de Buenos Aires para localizar a Luis Abel Guzm\u00e1n, pr\u00f3fugo y asesino de Germ\u00e1n Medina, peluquero que fue asesinado en el barrio porte\u00f1o de Recoleta\u201d, indica el comunicado emitido desde la cartera liderada por\u00a0Patricia Bullrich.<\/p>\n\n\n\n<p>El monto ofrecido apunta a quienes aporten \u201cdatos \u00fatiles que permitan lograr la detenci\u00f3n\u201d de\u00a0<strong>Guzm\u00e1n<\/strong>, sobre quien pesa un pedido de captura nacional e internacional desde el 21 de marzo, un d\u00eda despu\u00e9s del homicidio. Cualquier denuncia que pueda ser de inter\u00e9s se puede hacer de forma an\u00f3nima a trav\u00e9s de la l\u00ednea 134.<\/p>\n\n\n\n<figure class=\"wp-block-embed is-type-rich is-provider-twitter wp-block-embed-twitter\"><div class=\"wp-block-embed__wrapper\">\n<blockquote class=\"twitter-tweet\" data-width=\"550\" data-dnt=\"true\"><p lang=\"es\" dir=\"ltr\">\u26a0\ufe0f IM\u00c1GENES SENSIBLES <br>Brutal crimen en una peluquer\u00eda en Recoleta, Argentina \ud83c\udde6\ud83c\uddf7. Ya hab\u00edan cerrado al p\u00fablico, el encargado y empleados se quedaron compartiendo, uno de ellos mat\u00f3 a su compa\u00f1ero de un tiro en la cabeza \ud83d\ude1f\ud83d\ude2e<a href=\"https:\/\/t.co\/JQfwHh8C79\">https:\/\/t.co\/JQfwHh8C79<\/a><\/p>&mdash; Cr\u00f3nicaPolicial (@CronicaPolicial) <a href=\"https:\/\/twitter.com\/CronicaPolicial\/status\/1770771375461998913?ref_src=twsrc%5Etfw\">March 21, 2024<\/a><\/blockquote><script async src=\"https:\/\/platform.twitter.com\/widgets.js\" charset=\"utf-8\"><\/script>\n<\/div><\/figure>\n","protected":false},"excerpt":{"rendered":"<p>El hombre acusado por matar a sangre fr\u00eda al colorista Germ\u00e1n Medina a\u00fan se mantiene pr\u00f3fugo desde hace un mes. Luis Abel \u201cAbelo\u201d Guzm\u00e1n, el peluquero de 43 a\u00f1os que\u00a0asesin\u00f3\u00a0a sangre fr\u00eda a su compa\u00f1ero\u00a0Germ\u00e1n Medina\u00a0el pasado 20 de marzo, que trabajaba como colorista en el mismo local ubicado en el barrio de\u00a0Recoleta, est\u00e1 pr\u00f3fugo [&hellip;]<\/p>\n","protected":false},"author":2,"featured_media":3755,"comment_status":"open","ping_status":"open","sticky":false,"template":"","format":"standard","meta":{"footnotes":""},"categories":[32],"tags":[],"_links":{"self":[{"href":"https:\/\/enlamira.info\/index.php\/wp-json\/wp\/v2\/posts\/3753"}],"collection":[{"href":"https:\/\/enlamira.info\/index.php\/wp-json\/wp\/v2\/posts"}],"about":[{"href":"https:\/\/enlamira.info\/index.php\/wp-json\/wp\/v2\/types\/post"}],"author":[{"embeddable":true,"href":"https:\/\/enlamira.info\/index.php\/wp-json\/wp\/v2\/users\/2"}],"replies":[{"embeddable":true,"href":"https:\/\/enlamira.info\/index.php\/wp-json\/wp\/v2\/comments?post=3753"}],"version-history":[{"count":1,"href":"https:\/\/enlamira.info\/index.php\/wp-json\/wp\/v2\/posts\/3753\/revisions"}],"predecessor-version":[{"id":3754,"href":"https:\/\/enlamira.info\/index.php\/wp-json\/wp\/v2\/posts\/3753\/revisions\/3754"}],"wp:featuredmedia":[{"embeddable":true,"href":"https:\/\/enlamira.info\/index.php\/wp-json\/wp\/v2\/media\/3755"}],"wp:attachment":[{"href":"https:\/\/enlamira.info\/index.php\/wp-json\/wp\/v2\/media?parent=3753"}],"wp:term":[{"taxonomy":"category","embeddable":true,"href":"https:\/\/enlamira.info\/index.php\/wp-json\/wp\/v2\/categories?post=3753"},{"taxonomy":"post_tag","embeddable":true,"href":"https:\/\/enlamira.info\/index.php\/wp-json\/wp\/v2\/tags?post=3753"}],"curies":[{"name":"wp","href":"https:\/\/api.w.org\/{rel}","templated":true}]}}