{"id":3750,"date":"2024-04-22T18:30:27","date_gmt":"2024-04-22T21:30:27","guid":{"rendered":"https:\/\/enlamira.info\/?p=3750"},"modified":"2024-04-22T18:43:55","modified_gmt":"2024-04-22T21:43:55","slug":"pablo-moyano-cruzo-a-los-senadores-peronistas-que-aprobaron-subir-sus-dietas-bronca-y-repudio","status":"publish","type":"post","link":"https:\/\/enlamira.info\/index.php\/2024\/04\/22\/pablo-moyano-cruzo-a-los-senadores-peronistas-que-aprobaron-subir-sus-dietas-bronca-y-repudio\/","title":{"rendered":"Pablo Moyano cruz\u00f3 a los senadores peronistas que aprobaron subir sus dietas: \u201cBronca y repudio\u201d"},"content":{"rendered":"\n<p>El dirigente sindical cuestion\u00f3 que la C\u00e1mara alta elevara sus sueldos a m\u00e1s de cinco millones de pesos mensuales, mientras la mayor\u00eda de los trabajadores aun no cerraron paritarias.<\/p>\n\n\n\n<p>Siguen las repercusiones pol\u00edticas por el\u00a0aumento desmedido en las dietas\u00a0que se aprobaron los senadores de la naci\u00f3n, la semana pasada, que elevar\u00e1 el sueldo a m\u00e1s de cinco millones de pesos mensuales. Por ello, el referente de\u00a0Camioneros, Pablo Moyano, sali\u00f3 al cruce de los representantes peronistas que avalaron el aumentazo.<\/p>\n\n\n\n<p>\u201cRepudio la verg\u00fcenza que fue el Senado,\u00a0vot\u00e1ndose un aumento escandaloso cuando el Gobierno no homologaba las paritarias\u201d, dispar\u00f3 el representante de la Confederaci\u00f3n General del Trabajo\u00a0(CGT) en declaraciones radiales este lunes.<\/p>\n\n\n\n<p>En ese sentido, el l\u00edder camionero agreg\u00f3: \u201cMucho m\u00e1s bronca y repudio para los senadores y senadoras del peronismo, que tendr\u00edan que haber saltado para que\u00a0primero se homologuen las paritarias de todos los trabajadores\u00a0argentinos\u201d.<\/p>\n\n\n\n<p>La bronca del referente para con su propio espacio pol\u00edtico viene desde hace tiempo, cuando para el 24 de enero se organiz\u00f3 el primer paro general contra el ajuste que lleva adelante\u00a0el gobierno\u00a0de\u00a0Javier Milei, y el propio Moyano cuestion\u00f3 que no se hicieran presentes los representantes del peronismo, que fueron elegidos a trav\u00e9s del voto.<\/p>\n\n\n\n<p>Al respecto, el dirigente cegetista insisti\u00f3 reafirmas su participaci\u00f3n en la marcha convocada por la central obrera, para el martes 23 de abril,\u00a0en defensa de las universidades p\u00fablicas\u00a0y la actualizaci\u00f3n del presupuesto nacional para la educaci\u00f3n.<\/p>\n\n\n\n<p>\u201cVa a haber una columna muy importante de trabajadores acompa\u00f1ando por la universidad p\u00fablica y gratuita. La mayor\u00eda de los estudiantes afectados son hijos de trabajadores y trabajadoras.\u00a0El Gobierno trata de tirar informaciones para desacreditar lo que es la movilizaci\u00f3n\u201d, sostuvo Moyano.<\/p>\n\n\n\n<p>Adem\u00e1s, ratific\u00f3 la realizaci\u00f3n del\u00a0segundo paro general contra Milei para el pr\u00f3ximo 9 de mayo, que convoca y organiza la CGT, pero del cual participaran sindicatos y organizaciones sociales.<\/p>\n","protected":false},"excerpt":{"rendered":"<p>El dirigente sindical cuestion\u00f3 que la C\u00e1mara alta elevara sus sueldos a m\u00e1s de cinco millones de pesos mensuales, mientras la mayor\u00eda de los trabajadores aun no cerraron paritarias. Siguen las repercusiones pol\u00edticas por el\u00a0aumento desmedido en las dietas\u00a0que se aprobaron los senadores de la naci\u00f3n, la semana pasada, que elevar\u00e1 el sueldo a m\u00e1s [&hellip;]<\/p>\n","protected":false},"author":2,"featured_media":3751,"comment_status":"open","ping_status":"open","sticky":false,"template":"","format":"standard","meta":{"footnotes":""},"categories":[20],"tags":[],"_links":{"self":[{"href":"https:\/\/enlamira.info\/index.php\/wp-json\/wp\/v2\/posts\/3750"}],"collection":[{"href":"https:\/\/enlamira.info\/index.php\/wp-json\/wp\/v2\/posts"}],"about":[{"href":"https:\/\/enlamira.info\/index.php\/wp-json\/wp\/v2\/types\/post"}],"author":[{"embeddable":true,"href":"https:\/\/enlamira.info\/index.php\/wp-json\/wp\/v2\/users\/2"}],"replies":[{"embeddable":true,"href":"https:\/\/enlamira.info\/index.php\/wp-json\/wp\/v2\/comments?post=3750"}],"version-history":[{"count":1,"href":"https:\/\/enlamira.info\/index.php\/wp-json\/wp\/v2\/posts\/3750\/revisions"}],"predecessor-version":[{"id":3752,"href":"https:\/\/enlamira.info\/index.php\/wp-json\/wp\/v2\/posts\/3750\/revisions\/3752"}],"wp:featuredmedia":[{"embeddable":true,"href":"https:\/\/enlamira.info\/index.php\/wp-json\/wp\/v2\/media\/3751"}],"wp:attachment":[{"href":"https:\/\/enlamira.info\/index.php\/wp-json\/wp\/v2\/media?parent=3750"}],"wp:term":[{"taxonomy":"category","embeddable":true,"href":"https:\/\/enlamira.info\/index.php\/wp-json\/wp\/v2\/categories?post=3750"},{"taxonomy":"post_tag","embeddable":true,"href":"https:\/\/enlamira.info\/index.php\/wp-json\/wp\/v2\/tags?post=3750"}],"curies":[{"name":"wp","href":"https:\/\/api.w.org\/{rel}","templated":true}]}}