{"id":3746,"date":"2024-04-22T18:28:45","date_gmt":"2024-04-22T21:28:45","guid":{"rendered":"https:\/\/enlamira.info\/?p=3746"},"modified":"2024-04-22T18:44:44","modified_gmt":"2024-04-22T21:44:44","slug":"el-gobierno-advirtio-a-las-universidades-no-vamos-a-permitir-que-sean-utilizadas-por-los-politicos","status":"publish","type":"post","link":"https:\/\/enlamira.info\/index.php\/2024\/04\/22\/el-gobierno-advirtio-a-las-universidades-no-vamos-a-permitir-que-sean-utilizadas-por-los-politicos\/","title":{"rendered":"El Gobierno advirti\u00f3 a las universidades: \u201cNo vamos a permitir que sean utilizadas por los pol\u00edticos\u201d"},"content":{"rendered":"\n<p>El vocero presidencial critic\u00f3 la marcha en defensa de la universidad p\u00fablica convocada para este martes 23 de abril.<\/p>\n\n\n\n<p>El Gobierno volvi\u00f3 a reiterar una fuerte advertencia a las\u00a0universidades\u00a0a pocas horas de la\u00a0marcha\u00a0en defensa de la\u00a0universidad\u00a0p\u00fablica que se realizar\u00e1 el pr\u00f3ximo martes 23 de abril, desde las 15, frente a la Casa Rosada.<\/p>\n\n\n\n<p>\u201cNo vamos a permitir que las Facultades sean utilizadas por los pol\u00edticos de turno\u201d, sentenci\u00f3 el vocero presidencial, este lunes, en su habitual conferencia de prensa.<\/p>\n\n\n\n<p>\u201cNosotros consideramos que efectivamente existieron las conversaciones y que hubo acuerdo en virtud de los n\u00fameros presentados\u201d, coment\u00f3 el funcionario, luego de las versiones contradictorias sobre un aumento de presupuesto para la educaci\u00f3n superior.<\/p>\n\n\n\n<p>Luego de la controversia, se confirm\u00f3 una\u00a0convocatoria para debatir sobre la actualizaci\u00f3n de la financiaci\u00f3n\u00a0para el martes 30 de abril y que contar\u00e1 con la participaci\u00f3n de autoridades del Consejo Interuniversitario Nacional y la Secretar\u00eda de Educaci\u00f3n, a cargo de Carlos Torrendell.<\/p>\n\n\n\n<p>La agenda incluir\u00e1 la discusi\u00f3n sobre una ampliaci\u00f3n del presupuesto, as\u00ed como tambi\u00e9n procesos de auditor\u00eda y fiscalizaci\u00f3n. Adem\u00e1s, se oficializar\u00eda un cronograma de desembolsos para el funcionamiento de los hospitales universitarios.<\/p>\n\n\n\n<p>Adorni\u00a0remarc\u00f3 que el jueves de la semana pasada el gobierno hab\u00eda alcanzado un acuerdo con el sector universitario luego de ofrecer un aumento del 70% de las partidas del gasto de funcionamiento en marzo y prometer otro aumento del 70% en mayo. \u201cSe dispuso una partida extraordinaria para los hospitales universitarios de $14.403 millones\u201d, insisti\u00f3.<\/p>\n\n\n\n<p>D\u00edas atr\u00e1s,\u00a0Ricardo Gelpi como Emiliano Yacobitti, rector y vicerrector de la UBA, desmintieron que se haya alcanzado un acuerdo. Incluso el Consejo Interuniversitario Nacional (CIN) public\u00f3 un comunicado en ese sentido.<\/p>\n\n\n\n<p>En ese sentido, volvi\u00f3 a criticar a las autoridades por el reclamo presupuestario: \u201cNos seguimos preguntando por qu\u00e9 levantan la voz ahora y no el a\u00f1o pasado cuando la inflaci\u00f3n fue del 211% y han sufrido tama\u00f1o ajuste real en sus partidas\u201d.<\/p>\n\n\n\n<p>El vocero presidencial tambi\u00e9n apunt\u00f3 contra el objetivo de la marcha, cuyo lema es \u201cEn defensa de la universidad p\u00fablica, y asegur\u00f3 que la concentraci\u00f3n de estudiantes \u201cest\u00e1 incentivada por la pol\u00edtica\u201d.<\/p>\n\n\n\n<p>\u201cNo es que no es genuina por los alumnos, sus reclamos son genuinos. Lo que no consideramos genuino es que desde un escritorio incentiven a que esto ocurra\u201d, agreg\u00f3 el portavoz del Presidente.<\/p>\n","protected":false},"excerpt":{"rendered":"<p>El vocero presidencial critic\u00f3 la marcha en defensa de la universidad p\u00fablica convocada para este martes 23 de abril. El Gobierno volvi\u00f3 a reiterar una fuerte advertencia a las\u00a0universidades\u00a0a pocas horas de la\u00a0marcha\u00a0en defensa de la\u00a0universidad\u00a0p\u00fablica que se realizar\u00e1 el pr\u00f3ximo martes 23 de abril, desde las 15, frente a la Casa Rosada. \u201cNo vamos [&hellip;]<\/p>\n","protected":false},"author":2,"featured_media":3749,"comment_status":"open","ping_status":"open","sticky":false,"template":"","format":"standard","meta":{"footnotes":""},"categories":[20],"tags":[],"_links":{"self":[{"href":"https:\/\/enlamira.info\/index.php\/wp-json\/wp\/v2\/posts\/3746"}],"collection":[{"href":"https:\/\/enlamira.info\/index.php\/wp-json\/wp\/v2\/posts"}],"about":[{"href":"https:\/\/enlamira.info\/index.php\/wp-json\/wp\/v2\/types\/post"}],"author":[{"embeddable":true,"href":"https:\/\/enlamira.info\/index.php\/wp-json\/wp\/v2\/users\/2"}],"replies":[{"embeddable":true,"href":"https:\/\/enlamira.info\/index.php\/wp-json\/wp\/v2\/comments?post=3746"}],"version-history":[{"count":1,"href":"https:\/\/enlamira.info\/index.php\/wp-json\/wp\/v2\/posts\/3746\/revisions"}],"predecessor-version":[{"id":3747,"href":"https:\/\/enlamira.info\/index.php\/wp-json\/wp\/v2\/posts\/3746\/revisions\/3747"}],"wp:featuredmedia":[{"embeddable":true,"href":"https:\/\/enlamira.info\/index.php\/wp-json\/wp\/v2\/media\/3749"}],"wp:attachment":[{"href":"https:\/\/enlamira.info\/index.php\/wp-json\/wp\/v2\/media?parent=3746"}],"wp:term":[{"taxonomy":"category","embeddable":true,"href":"https:\/\/enlamira.info\/index.php\/wp-json\/wp\/v2\/categories?post=3746"},{"taxonomy":"post_tag","embeddable":true,"href":"https:\/\/enlamira.info\/index.php\/wp-json\/wp\/v2\/tags?post=3746"}],"curies":[{"name":"wp","href":"https:\/\/api.w.org\/{rel}","templated":true}]}}