{"id":3743,"date":"2024-04-22T18:27:29","date_gmt":"2024-04-22T21:27:29","guid":{"rendered":"https:\/\/enlamira.info\/?p=3743"},"modified":"2024-04-22T18:45:54","modified_gmt":"2024-04-22T21:45:54","slug":"diputados-el-kirchnerismo-pidio-una-sesion-especial-para-tratar-el-presupuesto-de-las-universidades","status":"publish","type":"post","link":"https:\/\/enlamira.info\/index.php\/2024\/04\/22\/diputados-el-kirchnerismo-pidio-una-sesion-especial-para-tratar-el-presupuesto-de-las-universidades\/","title":{"rendered":"Diputados: el kirchnerismo pidi\u00f3 una sesi\u00f3n especial para tratar el presupuesto de las universidades"},"content":{"rendered":"\n<p>Ante el recorte de las partidas educativas por parte del Gobierno, la oposici\u00f3n buscar\u00e1 tratar en el recinto un mayor financiamiento universitario y la reforma previsional.<\/p>\n\n\n\n<p>Durante el debate del lunes, el bloque del kirchnerismo dirigido por\u00a0Germ\u00e1n Mart\u00ednez,\u00a0en la C\u00e1mara de\u00a0Diputados de la Naci\u00f3n, logr\u00f3 convocar a una sesi\u00f3n especial para tratar el tema del ajuste presupuestario a las universidades p\u00fablicas que lleva adelante el Gobierno de\u00a0Javier Milei\u00a0y que desemboca en una gran marcha este martes 23 de abril.<\/p>\n\n\n\n<p>Aprovechando el impulso que el tema tom\u00f3 en los \u00faltimos d\u00edas, el bloque de\u00a0Uni\u00f3n por la Patria\u00a0en la C\u00e1mara baja solicit\u00f3\u00a0una sesi\u00f3n\u00a0para el pr\u00f3ximo mi\u00e9rcoles 24, para tratar proyectos que establecen el financiamiento de las universidades nacionales, volver a poner en vigencia el\u00a0Fondo Nacional de Incentivo Docente\u00a0(FONID) y para modificar la movilidad jubilatoria.<\/p>\n\n\n\n<p>En encuentro est\u00e1 acordado para las 11 de la ma\u00f1ana del mi\u00e9rcoles y el temario incluye 37 proyectos de ley, que plantean diferentes versiones para aumentar el financiamiento acad\u00e9mico y la forma de calcular la movilidad en las jubilaciones que dependen de la\u00a0ANSES.<\/p>\n\n\n\n<p>Adem\u00e1s, en la misma sesi\u00f3n\u00a0se buscar\u00e1 tratar\u00a0la emergencia presupuestaria,\u00a0una tarifa diferencial en las boletas de luz y gas\u00a0para las instituciones educativas, y restablecer la vigencia del Fondo Nacional de Incentivo Docente.<\/p>\n\n\n\n<p>Desde el bloque de\u00a0La Libertad Avanza, ya adelantaron que no bajaran al recinto, al igual que indicaron desde el\u00a0PRO, comandados por\u00a0Cristian Ritondo, por lo que se dificultar\u00e1\u00a0al kirchnerismo\u00a0lograr los 129 diputados para llegar al qu\u00f3rum. Por lo que s\u00f3lo les queda negociar con el radicalismo y los independientes.<\/p>\n\n\n\n<p>Desde la\u00a0UCR\u00a0y\u00a0Hacemos Coalici\u00f3n Federal,\u00a0que domina\u00a0Miguel \u00c1ngel Pichetto, aun no definieron si participaran del debate que propone el kirchnerismo, aunque la decisi\u00f3n est\u00e1 dividida por\u00a0<a href=\"https:\/\/www.nexofin.com\/notas\/1142748-por-decreto-la-receta-electronica-sera-obligatoria-en-todo-el-pais-para-comprar-medicamentos-n-\/\" target=\"_blank\" rel=\"noreferrer noopener\">la importancia<\/a>\u00a0de los temas a tratar.<\/p>\n","protected":false},"excerpt":{"rendered":"<p>Ante el recorte de las partidas educativas por parte del Gobierno, la oposici\u00f3n buscar\u00e1 tratar en el recinto un mayor financiamiento universitario y la reforma previsional. Durante el debate del lunes, el bloque del kirchnerismo dirigido por\u00a0Germ\u00e1n Mart\u00ednez,\u00a0en la C\u00e1mara de\u00a0Diputados de la Naci\u00f3n, logr\u00f3 convocar a una sesi\u00f3n especial para tratar el tema del [&hellip;]<\/p>\n","protected":false},"author":2,"featured_media":3745,"comment_status":"open","ping_status":"open","sticky":false,"template":"","format":"standard","meta":{"footnotes":""},"categories":[20],"tags":[],"_links":{"self":[{"href":"https:\/\/enlamira.info\/index.php\/wp-json\/wp\/v2\/posts\/3743"}],"collection":[{"href":"https:\/\/enlamira.info\/index.php\/wp-json\/wp\/v2\/posts"}],"about":[{"href":"https:\/\/enlamira.info\/index.php\/wp-json\/wp\/v2\/types\/post"}],"author":[{"embeddable":true,"href":"https:\/\/enlamira.info\/index.php\/wp-json\/wp\/v2\/users\/2"}],"replies":[{"embeddable":true,"href":"https:\/\/enlamira.info\/index.php\/wp-json\/wp\/v2\/comments?post=3743"}],"version-history":[{"count":1,"href":"https:\/\/enlamira.info\/index.php\/wp-json\/wp\/v2\/posts\/3743\/revisions"}],"predecessor-version":[{"id":3744,"href":"https:\/\/enlamira.info\/index.php\/wp-json\/wp\/v2\/posts\/3743\/revisions\/3744"}],"wp:featuredmedia":[{"embeddable":true,"href":"https:\/\/enlamira.info\/index.php\/wp-json\/wp\/v2\/media\/3745"}],"wp:attachment":[{"href":"https:\/\/enlamira.info\/index.php\/wp-json\/wp\/v2\/media?parent=3743"}],"wp:term":[{"taxonomy":"category","embeddable":true,"href":"https:\/\/enlamira.info\/index.php\/wp-json\/wp\/v2\/categories?post=3743"},{"taxonomy":"post_tag","embeddable":true,"href":"https:\/\/enlamira.info\/index.php\/wp-json\/wp\/v2\/tags?post=3743"}],"curies":[{"name":"wp","href":"https:\/\/api.w.org\/{rel}","templated":true}]}}