{"id":3714,"date":"2024-04-22T18:15:32","date_gmt":"2024-04-22T21:15:32","guid":{"rendered":"https:\/\/enlamira.info\/?p=3714"},"modified":"2024-04-22T18:50:52","modified_gmt":"2024-04-22T21:50:52","slug":"marcha-del-23-de-abril-a-que-hora-es-y-donde-seran-los-cortes","status":"publish","type":"post","link":"https:\/\/enlamira.info\/index.php\/2024\/04\/22\/marcha-del-23-de-abril-a-que-hora-es-y-donde-seran-los-cortes\/","title":{"rendered":"Marcha del 23 de abril: a qu\u00e9 hora es y d\u00f3nde ser\u00e1n los cortes"},"content":{"rendered":"\n<p>Estudiantes, docentes y egresados se movilizar\u00e1n en contra de las pol\u00edticas de Javier Milei.<\/p>\n\n\n\n<p>Este\u00a0martes 23 de abril\u00a0por la tarde, estudiantes, egresados y docentes llevar\u00e1n adelante una\u00a0marcha en defensa a las universidades p\u00fablicas\u00a0y en contra del\u00a0recorte presupuestario.<\/p>\n\n\n\n<p>La movilizaci\u00f3n comenzar\u00e1\u00a0a partir de las 15.30\u00a0frente al Congreso de la Naci\u00f3n y luego se dirigir\u00e1n hacia\u00a0Casa Rosada\u00a0donde, a las 18, se leer\u00e1 un comunicado consensuado entre las universidades. Las calles aleda\u00f1as permanecer\u00e1n cortadas al tr\u00e1nsito.<\/p>\n\n\n\n<p>Estudiantes de la Universidad de Buenos Aires (UBA) toman clase en la calle en Buenos Aires, Argentina, el jueves 18 de abril de 2024. La UBA llev\u00f3 al exterior las clases como protesta por el congelamiento de su presupuesto dispuesto por el presidente argentino, Javier Milei, como parte de sus medidas de austeridad.<\/p>\n\n\n\n<h2 class=\"wp-block-heading\">La UBA anunci\u00f3 la emergencia presupuestaria<\/h2>\n\n\n\n<p>El mi\u00e9rcoles 10 de abril la Universidad de Buenos Aires declar\u00f3 la\u00a0emergencia presupuestaria\u00a0y a ra\u00edz de esto tom\u00f3 una serie de\u00a0medidas\u00a0destinadas a \u201cgarantizar la\u00a0continuidad de sus funciones\u201d. Entre ellas:<\/p>\n\n\n\n<ul>\n<li>No utilizar los servicios de acondicionamiento de aire\u00a0(fr\u00edo \u2013 calor) en los edificios de la Universidad, con excepci\u00f3n de los hospitales universitarios para la atenci\u00f3n de pacientes y del acondicionamiento necesario para el correcto funcionamiento de equipos y la infraestructura tecnol\u00f3gica.<\/li>\n\n\n\n<li>Apagar las luces\u00a0de las aulas, oficinas y en espacios comunes de circulaci\u00f3n que tengas luz natural durante el d\u00eda.<\/li>\n\n\n\n<li>La utilizaci\u00f3n de\u00a0ascensores queda limitada solo para aquellas personas con movilidad reducida\u00a0y casos de asistencia o emergencia.<\/li>\n\n\n\n<li>Cortar el servicio de gas de las calderas\u00a0en los edificios de la Universidad, con excepci\u00f3n de los hospitales universitarios para la atenci\u00f3n de pacientes y del acondicionamiento necesario para el correcto funcionamiento de equipos y la infraestructura tecnol\u00f3gica.<\/li>\n\n\n\n<li>Suspender los programas de investigaci\u00f3n, ciencia y t\u00e9cnica y extensi\u00f3n universitaria\u00a0hasta la efectiva disponibilidad de presupuesto.<\/li>\n<\/ul>\n","protected":false},"excerpt":{"rendered":"<p>Estudiantes, docentes y egresados se movilizar\u00e1n en contra de las pol\u00edticas de Javier Milei. Este\u00a0martes 23 de abril\u00a0por la tarde, estudiantes, egresados y docentes llevar\u00e1n adelante una\u00a0marcha en defensa a las universidades p\u00fablicas\u00a0y en contra del\u00a0recorte presupuestario. La movilizaci\u00f3n comenzar\u00e1\u00a0a partir de las 15.30\u00a0frente al Congreso de la Naci\u00f3n y luego se dirigir\u00e1n hacia\u00a0Casa Rosada\u00a0donde, [&hellip;]<\/p>\n","protected":false},"author":2,"featured_media":3716,"comment_status":"open","ping_status":"open","sticky":false,"template":"","format":"standard","meta":{"footnotes":""},"categories":[34],"tags":[],"_links":{"self":[{"href":"https:\/\/enlamira.info\/index.php\/wp-json\/wp\/v2\/posts\/3714"}],"collection":[{"href":"https:\/\/enlamira.info\/index.php\/wp-json\/wp\/v2\/posts"}],"about":[{"href":"https:\/\/enlamira.info\/index.php\/wp-json\/wp\/v2\/types\/post"}],"author":[{"embeddable":true,"href":"https:\/\/enlamira.info\/index.php\/wp-json\/wp\/v2\/users\/2"}],"replies":[{"embeddable":true,"href":"https:\/\/enlamira.info\/index.php\/wp-json\/wp\/v2\/comments?post=3714"}],"version-history":[{"count":1,"href":"https:\/\/enlamira.info\/index.php\/wp-json\/wp\/v2\/posts\/3714\/revisions"}],"predecessor-version":[{"id":3715,"href":"https:\/\/enlamira.info\/index.php\/wp-json\/wp\/v2\/posts\/3714\/revisions\/3715"}],"wp:featuredmedia":[{"embeddable":true,"href":"https:\/\/enlamira.info\/index.php\/wp-json\/wp\/v2\/media\/3716"}],"wp:attachment":[{"href":"https:\/\/enlamira.info\/index.php\/wp-json\/wp\/v2\/media?parent=3714"}],"wp:term":[{"taxonomy":"category","embeddable":true,"href":"https:\/\/enlamira.info\/index.php\/wp-json\/wp\/v2\/categories?post=3714"},{"taxonomy":"post_tag","embeddable":true,"href":"https:\/\/enlamira.info\/index.php\/wp-json\/wp\/v2\/tags?post=3714"}],"curies":[{"name":"wp","href":"https:\/\/api.w.org\/{rel}","templated":true}]}}