{"id":3709,"date":"2024-04-21T19:01:58","date_gmt":"2024-04-21T22:01:58","guid":{"rendered":"https:\/\/enlamira.info\/?p=3709"},"modified":"2024-04-21T19:06:59","modified_gmt":"2024-04-21T22:06:59","slug":"la-policia-federal-detuvo-a-un-hombre-que-amenazo-de-muerte-a-javier-milei","status":"publish","type":"post","link":"https:\/\/enlamira.info\/index.php\/2024\/04\/21\/la-policia-federal-detuvo-a-un-hombre-que-amenazo-de-muerte-a-javier-milei\/","title":{"rendered":"La Polic\u00eda Federal detuvo a un hombre que amenaz\u00f3 de muerte a Javier Milei"},"content":{"rendered":"\n<p>La investigaci\u00f3n comenz\u00f3 en marzo cuando el acusado llam\u00f3 al 911 y pronunci\u00f3 la frase \u201cmuerte a Milei\u201d. El hombre fue detenido en Jos\u00e9 M\u00e1rmol, provincia de Buenos Aires.<\/p>\n\n\n\n<p>Un hombre de 23 a\u00f1os fue arrestado en Jos\u00e9 M\u00e1rmol, Almirante Brown,\u00a0acusado de amenazar de muerte al presidente\u00a0Javier Milei\u00a0mediante una llamada telef\u00f3nica al 911 el pasado 2 de marzo. La violenta amenaza fue registrada y desencaden\u00f3 una\u00a0investigaci\u00f3n\u00a0que culmin\u00f3 con la identificaci\u00f3n y detenci\u00f3n del sospechoso.<\/p>\n\n\n\n<p>El llamado amenazante, que consisti\u00f3 en la frase\u00a0\u201cMuerte a\u00a0Milei\u201c, fue seguido por una r\u00e1pida interrupci\u00f3n de la comunicaci\u00f3n. Sin embargo, qued\u00f3 registrado, lo que permiti\u00f3 iniciar la b\u00fasqueda del responsable. La Divisi\u00f3n Delitos Constitucionales de la Direcci\u00f3n Seguridad de Estado llev\u00f3 a cabo pericias que condujeron a la identificaci\u00f3n del individuo.<\/p>\n\n\n\n<p>La investigaci\u00f3n se vio reforzada por\u00a0dos llamadas similares\u00a0realizadas posteriormente al mismo n\u00famero de emergencia\u00a0entre el 10 y el 13 de marzo. Estas llamadas proporcionaron pistas que llevaron a la ubicaci\u00f3n del acusado en Jos\u00e9 M\u00e1rmol.<\/p>\n\n\n\n<p>Con autorizaci\u00f3n del Juzgado Nacional en lo Criminal y Correccional N\u00b02,\u00a0se realiz\u00f3 un allanamiento en la residencia del sospechoso, durante el cual se confiscaron tres tel\u00e9fonos celulares. El Cuerpo de Polic\u00eda Montada de la Federal lider\u00f3 el operativo y llev\u00f3 a cabo el arresto.<\/p>\n\n\n\n<p>Aunque\u00a0la identidad del detenido a\u00fan no se ha divulgado, se espera que sea interrogado por el fiscal a cargo de la causa en las pr\u00f3ximas etapas del\u00a0proceso legal. Mientras tanto, permanecer\u00e1 bajo custodia hasta que la investigaci\u00f3n avance y se determine su situaci\u00f3n.<\/p>\n","protected":false},"excerpt":{"rendered":"<p>La investigaci\u00f3n comenz\u00f3 en marzo cuando el acusado llam\u00f3 al 911 y pronunci\u00f3 la frase \u201cmuerte a Milei\u201d. El hombre fue detenido en Jos\u00e9 M\u00e1rmol, provincia de Buenos Aires. Un hombre de 23 a\u00f1os fue arrestado en Jos\u00e9 M\u00e1rmol, Almirante Brown,\u00a0acusado de amenazar de muerte al presidente\u00a0Javier Milei\u00a0mediante una llamada telef\u00f3nica al 911 el pasado [&hellip;]<\/p>\n","protected":false},"author":2,"featured_media":3713,"comment_status":"open","ping_status":"open","sticky":false,"template":"","format":"standard","meta":{"footnotes":""},"categories":[32],"tags":[],"_links":{"self":[{"href":"https:\/\/enlamira.info\/index.php\/wp-json\/wp\/v2\/posts\/3709"}],"collection":[{"href":"https:\/\/enlamira.info\/index.php\/wp-json\/wp\/v2\/posts"}],"about":[{"href":"https:\/\/enlamira.info\/index.php\/wp-json\/wp\/v2\/types\/post"}],"author":[{"embeddable":true,"href":"https:\/\/enlamira.info\/index.php\/wp-json\/wp\/v2\/users\/2"}],"replies":[{"embeddable":true,"href":"https:\/\/enlamira.info\/index.php\/wp-json\/wp\/v2\/comments?post=3709"}],"version-history":[{"count":1,"href":"https:\/\/enlamira.info\/index.php\/wp-json\/wp\/v2\/posts\/3709\/revisions"}],"predecessor-version":[{"id":3710,"href":"https:\/\/enlamira.info\/index.php\/wp-json\/wp\/v2\/posts\/3709\/revisions\/3710"}],"wp:featuredmedia":[{"embeddable":true,"href":"https:\/\/enlamira.info\/index.php\/wp-json\/wp\/v2\/media\/3713"}],"wp:attachment":[{"href":"https:\/\/enlamira.info\/index.php\/wp-json\/wp\/v2\/media?parent=3709"}],"wp:term":[{"taxonomy":"category","embeddable":true,"href":"https:\/\/enlamira.info\/index.php\/wp-json\/wp\/v2\/categories?post=3709"},{"taxonomy":"post_tag","embeddable":true,"href":"https:\/\/enlamira.info\/index.php\/wp-json\/wp\/v2\/tags?post=3709"}],"curies":[{"name":"wp","href":"https:\/\/api.w.org\/{rel}","templated":true}]}}