{"id":3702,"date":"2024-04-21T18:59:28","date_gmt":"2024-04-21T21:59:28","guid":{"rendered":"https:\/\/enlamira.info\/?p=3702"},"modified":"2024-04-21T19:08:42","modified_gmt":"2024-04-21T22:08:42","slug":"milei-va-por-la-derogacion-de-la-constitucion-la-durisima-advertencia-de-elisa-carrio","status":"publish","type":"post","link":"https:\/\/enlamira.info\/index.php\/2024\/04\/21\/milei-va-por-la-derogacion-de-la-constitucion-la-durisima-advertencia-de-elisa-carrio\/","title":{"rendered":"\u201cMilei va por la derogaci\u00f3n de la Constituci\u00f3n\u201d: la dur\u00edsima advertencia de Elisa Carri\u00f3"},"content":{"rendered":"\n<p>La fundadora de la Coalici\u00f3n C\u00edvica se apoyo en la teor\u00eda anarcocapitalista de Murray Rothbard para justificar su opini\u00f3n sobre los objetivos del Presidente.<\/p>\n\n\n\n<p>Elisa Carri\u00f3, fundadora de la Coalici\u00f3n C\u00edvica, brind\u00f3 una extensa entrevista con Infobae en su hogar de Exaltaci\u00f3n de la Cruz, donde abord\u00f3 diversos temas de actualidad pol\u00edtica.\u00a0Critic\u00f3 duramente el aumento de las dietas de los\u00a0senadores\u00a0durante la \u00faltima sesi\u00f3n, aunque enfatiz\u00f3 en la importancia de garantizar que est\u00e9n equiparados con la categor\u00eda 1 de la C\u00e1mara de los empleados.<\/p>\n\n\n\n<p>En cuanto a la\u00a0corrupci\u00f3n,\u00a0Carri\u00f3 sostuvo que los honestos no buscan el beneficio personal, refiri\u00e9ndose a su propia experiencia y la falta de ingresos suficientes para vivir dignamente. Explic\u00f3 que, debido a su edad y afecciones de salud, no puede ejercer su profesi\u00f3n ni le quedan pertenencias valiosas para vender, lo que la deja en una situaci\u00f3n econ\u00f3mica compleja.<\/p>\n\n\n\n<p>Con respecto a\u00a0Javier Milei, Carri\u00f3 analiz\u00f3 su ideolog\u00eda y sugiri\u00f3 que \u201c\u00e9l va por la derogaci\u00f3n de la Constituci\u00f3n, porque si vos sos anarcocapitalista vos no tenes que tener Estado. Es decir, tenes que tener el apoyo popular para cambiar la Constituci\u00f3n y para derogarla,\u00a0esa es la lucha cultural\u201c.<\/p>\n\n\n\n<p>\u201cRothbard dice\u00a0\u2018el estado es una asociaci\u00f3n criminal\u2019, y ya hace desaparecer todo. Lo que pasa es que el anarcocapitalismo no puede resolver el tr\u00e1nsito de un sistema constitucional a un sistema sin Estado, es decir sin Constituci\u00f3n\u201d expres\u00f3 la fundadora de la Coalici\u00f3n C\u00edvica sobre la ideolog\u00eda del autor en el que se apoya el presidente Javier Milei.<\/p>\n","protected":false},"excerpt":{"rendered":"<p>La fundadora de la Coalici\u00f3n C\u00edvica se apoyo en la teor\u00eda anarcocapitalista de Murray Rothbard para justificar su opini\u00f3n sobre los objetivos del Presidente. Elisa Carri\u00f3, fundadora de la Coalici\u00f3n C\u00edvica, brind\u00f3 una extensa entrevista con Infobae en su hogar de Exaltaci\u00f3n de la Cruz, donde abord\u00f3 diversos temas de actualidad pol\u00edtica.\u00a0Critic\u00f3 duramente el aumento [&hellip;]<\/p>\n","protected":false},"author":2,"featured_media":3704,"comment_status":"open","ping_status":"open","sticky":false,"template":"","format":"standard","meta":{"footnotes":""},"categories":[20],"tags":[],"_links":{"self":[{"href":"https:\/\/enlamira.info\/index.php\/wp-json\/wp\/v2\/posts\/3702"}],"collection":[{"href":"https:\/\/enlamira.info\/index.php\/wp-json\/wp\/v2\/posts"}],"about":[{"href":"https:\/\/enlamira.info\/index.php\/wp-json\/wp\/v2\/types\/post"}],"author":[{"embeddable":true,"href":"https:\/\/enlamira.info\/index.php\/wp-json\/wp\/v2\/users\/2"}],"replies":[{"embeddable":true,"href":"https:\/\/enlamira.info\/index.php\/wp-json\/wp\/v2\/comments?post=3702"}],"version-history":[{"count":1,"href":"https:\/\/enlamira.info\/index.php\/wp-json\/wp\/v2\/posts\/3702\/revisions"}],"predecessor-version":[{"id":3703,"href":"https:\/\/enlamira.info\/index.php\/wp-json\/wp\/v2\/posts\/3702\/revisions\/3703"}],"wp:featuredmedia":[{"embeddable":true,"href":"https:\/\/enlamira.info\/index.php\/wp-json\/wp\/v2\/media\/3704"}],"wp:attachment":[{"href":"https:\/\/enlamira.info\/index.php\/wp-json\/wp\/v2\/media?parent=3702"}],"wp:term":[{"taxonomy":"category","embeddable":true,"href":"https:\/\/enlamira.info\/index.php\/wp-json\/wp\/v2\/categories?post=3702"},{"taxonomy":"post_tag","embeddable":true,"href":"https:\/\/enlamira.info\/index.php\/wp-json\/wp\/v2\/tags?post=3702"}],"curies":[{"name":"wp","href":"https:\/\/api.w.org\/{rel}","templated":true}]}}