{"id":3699,"date":"2024-04-21T18:58:30","date_gmt":"2024-04-21T21:58:30","guid":{"rendered":"https:\/\/enlamira.info\/?p=3699"},"modified":"2024-04-21T19:09:42","modified_gmt":"2024-04-21T22:09:42","slug":"el-gobierno-critico-la-marcha-universitaria-el-ajuste-tiene-que-alcanzar-a-todos","status":"publish","type":"post","link":"https:\/\/enlamira.info\/index.php\/2024\/04\/21\/el-gobierno-critico-la-marcha-universitaria-el-ajuste-tiene-que-alcanzar-a-todos\/","title":{"rendered":"El Gobierno critic\u00f3 la marcha universitaria: \u201cEl ajuste tiene que alcanzar a todos\u201d"},"content":{"rendered":"\n<p>El ministro del Interior, Guillermo Francos, cuestion\u00f3 la capacidad del rector de la UBA, Ricardo Gelpi, para ocupar su cargo.<\/p>\n\n\n\n<p>El Gobierno nacional, a trav\u00e9s del ministro del Interior,\u00a0Guillermo Francos,\u00a0expres\u00f3 su rechazo al paro universitario\u00a0previsto para el pr\u00f3ximo martes y critic\u00f3 fuertemente al rector de la Universidad de Buenos Aires (UBA), Ricardo Gelpi. Francos se\u00f1al\u00f3 que \u201csi el rector cree que la forma de transitar este momento es cerrando la universidad,\u00a0no est\u00e1 capacitado para estar al frente de la UBA\u201d<\/p>\n\n\n\n<p>El ministro argument\u00f3 que el pa\u00eds atraviesa un momento de austeridad en el sector p\u00fablico y destac\u00f3 la necesidad de que\u00a0todos los sectores contribuyan con el ajuste. Francos asegur\u00f3 que desde el Gobierno\u00a0\u201catienden a los sectores m\u00e1s humildes y necesitados de la poblaci\u00f3n\u201d.<\/p>\n\n\n\n<p>La cr\u00edtica de Francos hacia Gelpi se basa en las declaraciones del rector sobre la posibilidad de cerrar la UBA por falta de\u00a0fondos. Para el ministro, esta postura no es la adecuada para afrontar la situaci\u00f3n actual y\u00a0cuestion\u00f3 la capacidad de Gelpi para liderar la universidad.<\/p>\n\n\n\n<p>El Gobierno confirm\u00f3 que auditar\u00e1 los fondos destinados al sector universitario\u00a0y critic\u00f3 la gesti\u00f3n de las universidades p\u00fablicas en los \u00faltimos a\u00f1os.\u00a0Francos sugiri\u00f3 que algunas universidades fueron utilizadas con fines pol\u00edticos\u00a0y se\u00f1al\u00f3 la necesidad de revisar su administraci\u00f3n y recursos humanos.<\/p>\n","protected":false},"excerpt":{"rendered":"<p>El ministro del Interior, Guillermo Francos, cuestion\u00f3 la capacidad del rector de la UBA, Ricardo Gelpi, para ocupar su cargo. El Gobierno nacional, a trav\u00e9s del ministro del Interior,\u00a0Guillermo Francos,\u00a0expres\u00f3 su rechazo al paro universitario\u00a0previsto para el pr\u00f3ximo martes y critic\u00f3 fuertemente al rector de la Universidad de Buenos Aires (UBA), Ricardo Gelpi. Francos se\u00f1al\u00f3 [&hellip;]<\/p>\n","protected":false},"author":2,"featured_media":3701,"comment_status":"open","ping_status":"open","sticky":false,"template":"","format":"standard","meta":{"footnotes":""},"categories":[20],"tags":[],"_links":{"self":[{"href":"https:\/\/enlamira.info\/index.php\/wp-json\/wp\/v2\/posts\/3699"}],"collection":[{"href":"https:\/\/enlamira.info\/index.php\/wp-json\/wp\/v2\/posts"}],"about":[{"href":"https:\/\/enlamira.info\/index.php\/wp-json\/wp\/v2\/types\/post"}],"author":[{"embeddable":true,"href":"https:\/\/enlamira.info\/index.php\/wp-json\/wp\/v2\/users\/2"}],"replies":[{"embeddable":true,"href":"https:\/\/enlamira.info\/index.php\/wp-json\/wp\/v2\/comments?post=3699"}],"version-history":[{"count":1,"href":"https:\/\/enlamira.info\/index.php\/wp-json\/wp\/v2\/posts\/3699\/revisions"}],"predecessor-version":[{"id":3700,"href":"https:\/\/enlamira.info\/index.php\/wp-json\/wp\/v2\/posts\/3699\/revisions\/3700"}],"wp:featuredmedia":[{"embeddable":true,"href":"https:\/\/enlamira.info\/index.php\/wp-json\/wp\/v2\/media\/3701"}],"wp:attachment":[{"href":"https:\/\/enlamira.info\/index.php\/wp-json\/wp\/v2\/media?parent=3699"}],"wp:term":[{"taxonomy":"category","embeddable":true,"href":"https:\/\/enlamira.info\/index.php\/wp-json\/wp\/v2\/categories?post=3699"},{"taxonomy":"post_tag","embeddable":true,"href":"https:\/\/enlamira.info\/index.php\/wp-json\/wp\/v2\/tags?post=3699"}],"curies":[{"name":"wp","href":"https:\/\/api.w.org\/{rel}","templated":true}]}}