{"id":3696,"date":"2024-04-21T18:56:38","date_gmt":"2024-04-21T21:56:38","guid":{"rendered":"https:\/\/enlamira.info\/?p=3696"},"modified":"2024-04-21T19:10:23","modified_gmt":"2024-04-21T22:10:23","slug":"el-reclamo-de-un-sector-del-gobierno-a-villarruel-por-los-aumentos-de-sueldos-en-el-senado","status":"publish","type":"post","link":"https:\/\/enlamira.info\/index.php\/2024\/04\/21\/el-reclamo-de-un-sector-del-gobierno-a-villarruel-por-los-aumentos-de-sueldos-en-el-senado\/","title":{"rendered":"El reclamo de un sector del Gobierno a Villarruel por los aumentos de sueldos en el Senado"},"content":{"rendered":"\n<p>Desde el Ejecutivo desconf\u00edan de que la Vicepresidenta concedi\u00f3 lugar al tratamiento del incremento salarial para lograr \u201cun clima de mayor cordialidad con los senadores\u201d y poder \u201cnegociar desde otra posici\u00f3n\u201d.<\/p>\n\n\n\n<p>La feroz interna entre el presidente,\u00a0Javier\u00a0Milei\u00a0y su vice,\u00a0Victoria\u00a0Villarruel, inicia un nuevo cap\u00edtulo a partir del abrupto el\u00a0aumento\u00a0de sueldo de los senadores a $7.200.000 en bruto. Tal es as\u00ed, que el c\u00edrculo \u00edntimo del primer mandatario sostiene que su compa\u00f1era de f\u00f3rmula pudo haber evitado la votaci\u00f3n.<\/p>\n\n\n\n<p>\u201cPudo haber frenado el aumento. Tiene las herramientas para hacerlo y decidi\u00f3 que avance. Tiene posturas distintas al presidente y lo est\u00e1 dejando en evidencia. La reacci\u00f3n de la gente indica que no fue bien recibido\u201d, expres\u00f3 un funcionario libertario.<\/p>\n\n\n\n<p>En el Ejecutivo est\u00e1n convencidos de que la vicepresidenta concedi\u00f3 lugar al tratamiento del incremento salarial para \u201ctener un clima de mayor cordialidad con los senadores\u201d y poder \u201cnegociar desde otra posici\u00f3n\u201d, tambi\u00e9n para asegurar la aprobaci\u00f3n del pliego de los embajadores que propuso el oficialismo.<\/p>\n\n\n\n<p>La l\u00ednea que corre en la Casa Rosada se basa en evitar darle entidad a las diferencias entre Milei y Villarruel y desarticular la posibilidad de que el aumento se traslade a Diputados, aunque reconocen que la c\u00e1mara tiene la facultad para hacerlo.<\/p>\n\n\n\n<p>La defensa de Villarruel<\/p>\n\n\n\n<p>Luego de votaci\u00f3n, la\u00a0vicepresidenta\u00a0expres\u00f3 mediante sus redes sociales: \u201cHoy los senadores de todos los bloques\u00a0acordaron un aumento de su salario que fue votado a mano alzada\u00a0en el recinto por contar con los votos necesarios para hacerlo\u201d.<\/p>\n\n\n\n<p>Victoria Villarruel\u00a0remarc\u00f3: \u201cComo Presidente del Senado NO soy senadora,\u00a0no cobro del Senado y NO puedo interferir en esas decisiones. Tampoco puedo obligar a que se vote nominalmente ni a que se justifique la decisi\u00f3n avalada por todos, porque NO soy senadora\u201d.<\/p>\n\n\n\n<p>\u201cPodr\u00eda haberme levantado para no que no salga mi foto y parte del periodismo y de los trolls me acusen de lo que NO tengo injerencia alguna pero siempre doy la cara y hoy no va a ser la excepci\u00f3n. Lamento que se le mienta al pueblo y ciertos sectores aprovechen para intentar ensuciarme, pero\u00a0lo que sucedi\u00f3 en el Senado es perfectamente legal y NO tengo herramienta alguna para frenarlo \u201c, concluy\u00f3 la vicepresidenta.<\/p>\n\n\n\n<p>Un hombre cercano a la vicepresidenta, retom\u00f3 sus palabras y afirm\u00f3: \u201cHubo reuniones previas entre los presidentes de cada bloque, no fue improvisado. No tenemos la facultad para evitar que se vote ni para hacer que sea una votaci\u00f3n nominal. Eso lo tiene que pedir un senador. Con 7 senadores no hay mucho que se pueda hacer\u201d.<\/p>\n\n\n\n<p>Se respaldan adem\u00e1s en que\u00a0Villarruel\u00a0no percibir\u00eda el aumento y en que est\u00e1n avanzando con la reducci\u00f3n del gasto en el Senado mediante una auditor\u00eda. Sostienen tambi\u00e9n que, si se hubiera acordado la paritaria previa, hoy los senadores cobrar\u00edan una suma m\u00e1s baja.<\/p>\n","protected":false},"excerpt":{"rendered":"<p>Desde el Ejecutivo desconf\u00edan de que la Vicepresidenta concedi\u00f3 lugar al tratamiento del incremento salarial para lograr \u201cun clima de mayor cordialidad con los senadores\u201d y poder \u201cnegociar desde otra posici\u00f3n\u201d. La feroz interna entre el presidente,\u00a0Javier\u00a0Milei\u00a0y su vice,\u00a0Victoria\u00a0Villarruel, inicia un nuevo cap\u00edtulo a partir del abrupto el\u00a0aumento\u00a0de sueldo de los senadores a $7.200.000 en [&hellip;]<\/p>\n","protected":false},"author":2,"featured_media":3698,"comment_status":"open","ping_status":"open","sticky":false,"template":"","format":"standard","meta":{"footnotes":""},"categories":[20],"tags":[],"_links":{"self":[{"href":"https:\/\/enlamira.info\/index.php\/wp-json\/wp\/v2\/posts\/3696"}],"collection":[{"href":"https:\/\/enlamira.info\/index.php\/wp-json\/wp\/v2\/posts"}],"about":[{"href":"https:\/\/enlamira.info\/index.php\/wp-json\/wp\/v2\/types\/post"}],"author":[{"embeddable":true,"href":"https:\/\/enlamira.info\/index.php\/wp-json\/wp\/v2\/users\/2"}],"replies":[{"embeddable":true,"href":"https:\/\/enlamira.info\/index.php\/wp-json\/wp\/v2\/comments?post=3696"}],"version-history":[{"count":1,"href":"https:\/\/enlamira.info\/index.php\/wp-json\/wp\/v2\/posts\/3696\/revisions"}],"predecessor-version":[{"id":3697,"href":"https:\/\/enlamira.info\/index.php\/wp-json\/wp\/v2\/posts\/3696\/revisions\/3697"}],"wp:featuredmedia":[{"embeddable":true,"href":"https:\/\/enlamira.info\/index.php\/wp-json\/wp\/v2\/media\/3698"}],"wp:attachment":[{"href":"https:\/\/enlamira.info\/index.php\/wp-json\/wp\/v2\/media?parent=3696"}],"wp:term":[{"taxonomy":"category","embeddable":true,"href":"https:\/\/enlamira.info\/index.php\/wp-json\/wp\/v2\/categories?post=3696"},{"taxonomy":"post_tag","embeddable":true,"href":"https:\/\/enlamira.info\/index.php\/wp-json\/wp\/v2\/tags?post=3696"}],"curies":[{"name":"wp","href":"https:\/\/api.w.org\/{rel}","templated":true}]}}