{"id":3691,"date":"2024-04-21T18:55:35","date_gmt":"2024-04-21T21:55:35","guid":{"rendered":"https:\/\/enlamira.info\/?p=3691"},"modified":"2024-04-21T19:11:24","modified_gmt":"2024-04-21T22:11:24","slug":"el-kirchnerismo-pedira-una-sesion-especial-en-el-senado-para-tratar-los-salarios-de-los-funcionarios","status":"publish","type":"post","link":"https:\/\/enlamira.info\/index.php\/2024\/04\/21\/el-kirchnerismo-pedira-una-sesion-especial-en-el-senado-para-tratar-los-salarios-de-los-funcionarios\/","title":{"rendered":"El kirchnerismo pedir\u00e1 una sesi\u00f3n especial en el Senado para tratar los salarios de los funcionarios"},"content":{"rendered":"\n<p>La iniciativa le pone l\u00edmite de aumento a los haberes del Presidente y al de otras personas con responsabilidad en empresas p\u00fablicas.<\/p>\n\n\n\n<p>El bloque\u00a0kirchnerista\u00a0en el\u00a0Senado\u00a0convocar\u00e1 una sesi\u00f3n especial para tratar los salarios de los funcionarios pol\u00edticos del Estado, con el objetivo de limitar los aumentos en el sueldo del primer mandatario y al de otras personas con responsabilidad en empresas p\u00fablicas.<\/p>\n\n\n\n<p>La iniciativa fue presentada en marzo desde Uni\u00f3n por la Patria, pero habr\u00eda recibido el apoyo de todas las bancadas. Esta semana, tanto el bloque oficialista como el PRO se comprometieron a tratarlo y desde el bloque K buscan acelerar los tiempos, tras ek\u00a0repudio\u00a0que recibieron frente al feroz\u00a0aumento\u00a0que se vot\u00f3 la semana pasada en el Senado.<\/p>\n\n\n\n<p>\u201cLa sesi\u00f3n depende de Villarruel\u201d, explicaron cerca de Jos\u00e9 Mayans, en la b\u00fasqueda de darle un marco legal definitivo a los salarios de las personas que tienen responsabilidad estatal. Los cargos van desde el binomio presidencial y los ministros hasta personas con responsabilidad en empresas p\u00fablicas (YPF, BNA, AYSA) y organismos descentralizados.<\/p>\n\n\n\n<p>El objetivo del proyecto, que lleva la firma del senador aliado a Cristina Kircher, es ponerle un tope m\u00e1ximo al sueldo de las autoridades superiores de los tres poderes del Estado, que est\u00e1 atado a una cantidad de salarios m\u00ednimos, vitales y m\u00f3viles.<\/p>\n\n\n\n<p>\u201cLas remuneraciones se fijar\u00e1n de acuerdo a los principios de Igualdad, Jerarquizaci\u00f3n, Objetividad, Movilidad Autom\u00e1tica (de las remuneraciones seg\u00fan la evoluci\u00f3n del Salario M\u00ednimo, Vital y M\u00f3vil que determina peri\u00f3dicamente el Consejo Nacional del Empleo) y Transparencia\u201d, argumenta documento del proyecto.<\/p>\n\n\n\n<p>De esta manera, el techo para el sueldo de los distintos funcionarios ir\u00e1 variando de acuerdo a todas estas condiciones. Ninguna autoridad de los tres poderes del Estado podr\u00e1 ganar m\u00e1s que el Presidente.<\/p>\n\n\n\n<figure class=\"wp-block-image size-full\"><img loading=\"lazy\" decoding=\"async\" width=\"767\" height=\"935\" src=\"https:\/\/enlamira.info\/wp-content\/uploads\/2024\/04\/image-33.png\" alt=\"\" class=\"wp-image-3692\" srcset=\"https:\/\/enlamira.info\/wp-content\/uploads\/2024\/04\/image-33.png 767w, https:\/\/enlamira.info\/wp-content\/uploads\/2024\/04\/image-33-246x300.png 246w\" sizes=\"(max-width: 767px) 100vw, 767px\" \/><\/figure>\n\n\n\n<p>La presentaci\u00f3n excluye al personal y agentes comprendidos en el Convenio Colectivo del Sistema Nacional de Empleo P\u00fablico e invita a adherir al Poder Judicial de la Naci\u00f3n.<\/p>\n","protected":false},"excerpt":{"rendered":"<p>La iniciativa le pone l\u00edmite de aumento a los haberes del Presidente y al de otras personas con responsabilidad en empresas p\u00fablicas. El bloque\u00a0kirchnerista\u00a0en el\u00a0Senado\u00a0convocar\u00e1 una sesi\u00f3n especial para tratar los salarios de los funcionarios pol\u00edticos del Estado, con el objetivo de limitar los aumentos en el sueldo del primer mandatario y al de otras [&hellip;]<\/p>\n","protected":false},"author":2,"featured_media":3694,"comment_status":"open","ping_status":"open","sticky":false,"template":"","format":"standard","meta":{"footnotes":""},"categories":[20],"tags":[],"_links":{"self":[{"href":"https:\/\/enlamira.info\/index.php\/wp-json\/wp\/v2\/posts\/3691"}],"collection":[{"href":"https:\/\/enlamira.info\/index.php\/wp-json\/wp\/v2\/posts"}],"about":[{"href":"https:\/\/enlamira.info\/index.php\/wp-json\/wp\/v2\/types\/post"}],"author":[{"embeddable":true,"href":"https:\/\/enlamira.info\/index.php\/wp-json\/wp\/v2\/users\/2"}],"replies":[{"embeddable":true,"href":"https:\/\/enlamira.info\/index.php\/wp-json\/wp\/v2\/comments?post=3691"}],"version-history":[{"count":1,"href":"https:\/\/enlamira.info\/index.php\/wp-json\/wp\/v2\/posts\/3691\/revisions"}],"predecessor-version":[{"id":3695,"href":"https:\/\/enlamira.info\/index.php\/wp-json\/wp\/v2\/posts\/3691\/revisions\/3695"}],"wp:featuredmedia":[{"embeddable":true,"href":"https:\/\/enlamira.info\/index.php\/wp-json\/wp\/v2\/media\/3694"}],"wp:attachment":[{"href":"https:\/\/enlamira.info\/index.php\/wp-json\/wp\/v2\/media?parent=3691"}],"wp:term":[{"taxonomy":"category","embeddable":true,"href":"https:\/\/enlamira.info\/index.php\/wp-json\/wp\/v2\/categories?post=3691"},{"taxonomy":"post_tag","embeddable":true,"href":"https:\/\/enlamira.info\/index.php\/wp-json\/wp\/v2\/tags?post=3691"}],"curies":[{"name":"wp","href":"https:\/\/api.w.org\/{rel}","templated":true}]}}