{"id":3687,"date":"2024-04-21T18:52:29","date_gmt":"2024-04-21T21:52:29","guid":{"rendered":"https:\/\/enlamira.info\/?p=3687"},"modified":"2024-04-21T19:12:05","modified_gmt":"2024-04-21T22:12:05","slug":"un-joven-de-24-anos-fue-a-hacerse-una-cirugia-de-rodilla-en-la-plata-y-por-error-le-operaron-las-dos-piernas","status":"publish","type":"post","link":"https:\/\/enlamira.info\/index.php\/2024\/04\/21\/un-joven-de-24-anos-fue-a-hacerse-una-cirugia-de-rodilla-en-la-plata-y-por-error-le-operaron-las-dos-piernas\/","title":{"rendered":"Un joven de 24 a\u00f1os fue a hacerse una cirug\u00eda de rodilla en La Plata y por error le operaron las dos piernas"},"content":{"rendered":"\n<p>El paciente despert\u00f3 de la anestesia y se encontr\u00f3 con la temible situaci\u00f3n. Desde la direcci\u00f3n m\u00e9dica, s\u00f3lo le dijeron que se trat\u00f3 de una equivocaci\u00f3n, sin mediar explicaciones.<\/p>\n\n\n\n<p>Un joven de 24 a\u00f1os denuncia que fue a\u00a0hacerse\u00a0una\u00a0cirug\u00eda\u00a0en la rodilla\u00a0y al\u00a0despertar\u00a0de la anestesia se dio cuenta de que le hab\u00edan operado las dos piernas.<\/p>\n\n\n\n<p>El episodio habr\u00eda ocurrido este viernes en una cl\u00ednica de la localidad de Villa Elisa, a 15 kil\u00f3metros del partido de La Plata, cuando el paciente identificado como\u00a0Benjam\u00edn Rold\u00e1n, que es empleado del Servicio Penitenciario, se hab\u00eda internado en la Cl\u00ednica San Jos\u00e9 por una cita programada para ser intervenido quir\u00fargicamente en la rodilla izquierda por una rotura de ligamentos.<\/p>\n\n\n\n<p>Al despertar de la anestesia, vio que ambas rodillas parec\u00edan haber sido operadas. Ahora, la familia del joven reclama por una respuesta del centro de salud. \u201cMi primo est\u00e1 con un cuadro de estr\u00e9s terrible, nadie nos dio una explicaci\u00f3n coherente\u201d, manifest\u00f3 Mat\u00edas, el primo del joven afectado, al medio El D\u00eda.<\/p>\n\n\n\n<p>\u201cSolo nos dijeron que ten\u00eda un punto de sutura en la rodilla derecha, que se hab\u00edan confundido, pero que igual hab\u00edan escuchado un chasquido en esa rodilla y por eso se equivocaron\u201d, explic\u00f3 el joven y agreg\u00f3: \u201cEstuvimos desde las 8 de la ma\u00f1ana hasta cerca de las 20 para que le diera el alta y no le acercaron ni agua para tomar. Adem\u00e1s de que le operaron las dos rodillas, nadie vino a decirnos c\u00f3mo es el postoperatorio, si mi primo puede comer o tomar algo, qu\u00e9 medicaci\u00f3n tiene que tomar y cu\u00e1ndo. Es una verg\u00fcenza lo que hicieron\u201d.<\/p>\n\n\n\n<p>Sumado a ello, asegur\u00f3 que el traumat\u00f3logo que llev\u00f3 adelante el proceso solo les explic\u00f3 que hab\u00eda sido un error, pero no les dijo qu\u00e9 hab\u00eda sucedido. \u201cNos dicen que en 15 d\u00edas mi primo va a volver a caminar, pero antes de operarlo ya le hab\u00edan anticipado que ten\u00eda que tener un mes de reposo. Ahora con esto no sabemos qu\u00e9 va a pasar\u201d, lament\u00f3 el familiar del paciente.<\/p>\n\n\n\n<p>Del mismo modo, dijo que sospecha que lo anestesiaron dos veces. \u201cSi la operaci\u00f3n iba a tardar 40 minutos y \u00e9l estuvo 3 horas en el quir\u00f3fano, calculamos que le tienen que haber reforzado el sedante. Mi primo s\u00f3lo se acuerda que le inyectaron la epidural\u201d, precis\u00f3.<\/p>\n\n\n\n<p>Adem\u00e1s, asegur\u00f3 que van a iniciar acciones legales por \u201cmala praxis\u201d y porque \u201cel trato humano dej\u00f3 mucho que desear\u201d. \u201cSolo pidieron disculpas y durante todo el d\u00eda nadie apareci\u00f3 en la habitaci\u00f3n. Fui varias veces hasta la administraci\u00f3n y nadie sab\u00eda decirme nada. Nos dieron una historia cl\u00ednica muy b\u00e1sica donde no explica demasiado qu\u00e9 fue lo que hicieron y nos dijeron que en 48 horas nos van a entregar una historia cl\u00ednica completa. Esperemos que sea as\u00ed. El m\u00e9dico solo vino a pedir disculpas y no apareci\u00f3 m\u00e1s\u201d, sostuvo.<\/p>\n","protected":false},"excerpt":{"rendered":"<p>El paciente despert\u00f3 de la anestesia y se encontr\u00f3 con la temible situaci\u00f3n. Desde la direcci\u00f3n m\u00e9dica, s\u00f3lo le dijeron que se trat\u00f3 de una equivocaci\u00f3n, sin mediar explicaciones. Un joven de 24 a\u00f1os denuncia que fue a\u00a0hacerse\u00a0una\u00a0cirug\u00eda\u00a0en la rodilla\u00a0y al\u00a0despertar\u00a0de la anestesia se dio cuenta de que le hab\u00edan operado las dos piernas. El [&hellip;]<\/p>\n","protected":false},"author":2,"featured_media":3690,"comment_status":"open","ping_status":"open","sticky":false,"template":"","format":"standard","meta":{"footnotes":""},"categories":[34],"tags":[],"_links":{"self":[{"href":"https:\/\/enlamira.info\/index.php\/wp-json\/wp\/v2\/posts\/3687"}],"collection":[{"href":"https:\/\/enlamira.info\/index.php\/wp-json\/wp\/v2\/posts"}],"about":[{"href":"https:\/\/enlamira.info\/index.php\/wp-json\/wp\/v2\/types\/post"}],"author":[{"embeddable":true,"href":"https:\/\/enlamira.info\/index.php\/wp-json\/wp\/v2\/users\/2"}],"replies":[{"embeddable":true,"href":"https:\/\/enlamira.info\/index.php\/wp-json\/wp\/v2\/comments?post=3687"}],"version-history":[{"count":1,"href":"https:\/\/enlamira.info\/index.php\/wp-json\/wp\/v2\/posts\/3687\/revisions"}],"predecessor-version":[{"id":3688,"href":"https:\/\/enlamira.info\/index.php\/wp-json\/wp\/v2\/posts\/3687\/revisions\/3688"}],"wp:featuredmedia":[{"embeddable":true,"href":"https:\/\/enlamira.info\/index.php\/wp-json\/wp\/v2\/media\/3690"}],"wp:attachment":[{"href":"https:\/\/enlamira.info\/index.php\/wp-json\/wp\/v2\/media?parent=3687"}],"wp:term":[{"taxonomy":"category","embeddable":true,"href":"https:\/\/enlamira.info\/index.php\/wp-json\/wp\/v2\/categories?post=3687"},{"taxonomy":"post_tag","embeddable":true,"href":"https:\/\/enlamira.info\/index.php\/wp-json\/wp\/v2\/tags?post=3687"}],"curies":[{"name":"wp","href":"https:\/\/api.w.org\/{rel}","templated":true}]}}