{"id":368,"date":"2024-03-05T17:14:35","date_gmt":"2024-03-05T20:14:35","guid":{"rendered":"https:\/\/enlamira.info\/?p=368"},"modified":"2024-03-05T17:25:51","modified_gmt":"2024-03-05T20:25:51","slug":"guillermo-francos-descarto-a-axel-kicillof-en-el-pacto-de-mayo-no-tiene-sentido-invitarlo","status":"publish","type":"post","link":"https:\/\/enlamira.info\/index.php\/2024\/03\/05\/guillermo-francos-descarto-a-axel-kicillof-en-el-pacto-de-mayo-no-tiene-sentido-invitarlo\/","title":{"rendered":"Guillermo Francos descart\u00f3 a Axel Kicillof en el Pacto de Mayo: \u201cNo tiene sentido invitarlo\u201d"},"content":{"rendered":"\n<p>El ministro del Interior se refiri\u00f3 al gobernador de la provincia de Buenos Aires luego de que decidiera bajarse de la convocatoria de Javier Milei. Adem\u00e1s, sostuvo que la Ley \u00d3mnibus est\u00e1 \u201cm\u00e1s estilizada\u201d para cuando vuelva a tratarse en el Congreso.<\/p>\n\n\n\n<p>El ministro del Interior,\u00a0Guillermo Francos, habl\u00f3 sobre el\u00a0Pacto de Mayo\u00a0convocado por el presidente\u00a0Javier Milei\u00a0en la provincia de C\u00f3rdoba y\u00a0apunt\u00f3 contra el bonaerense Axel Kicillof\u00a0luego de que\u00a0ayer por la tarde rechazara la reuni\u00f3n. \u201cS\u00e9 que hay algunos que se resisten un poco a encarar el pacto\u201d, remarc\u00f3.<\/p>\n\n\n\n<p>\u201cCapaz que es para otra etapa, no para esta. Imagino que no va a estar. No tiene sentido invitarlo.\u00a0Se pone en\u00a0una actitud confrontativa\u00a0que no es la actitud que estamos buscando, se pone en\u00a0una actitud que le adjudica al Presidente, que es el que est\u00e1 convocando a un pacto. All\u00e1 \u00e9l\u201d, sostuvo Francos.<\/p>\n\n\n\n<p>Y agreg\u00f3: \u201cYo entiendo que\u00a0van a venir varios gobernadores\u00a0y habr\u00e1 que ver las posibilidades que tiene cada uno, es un cambio que empieza. Hasta mayo hay un trecho y van a pasar varias cosas, pero iniciar el camino es importante\u201d<\/p>\n\n\n\n<p>\u201cTenemos hasta el 25 de mayo, que fue la fecha que puso el presidente y puede haber debates y acuerdos\u201d, enfatiz\u00f3.<\/p>\n\n\n\n<p>En cuanto a la\u00a0Ley \u00d3mnibus\u00a0que naufrag\u00f3 en el Congreso, el ministro del Interior inform\u00f3 que\u00a0volver\u00eda a tratarse y asegur\u00f3 que \u201cqued\u00f3 m\u00e1s estilizada\u201d.<\/p>\n\n\n\n<p>En cuento a las \u201cpoderes especiales\u201d que se mencionaban en el proyecto, remarc\u00f3 que\u00a0\u201cgobernar un estado de emergencia sin facultades no le pas\u00f3 a ning\u00fan presidente\u201d.<\/p>\n\n\n\n<p>\u201cEl presidente est\u00e1 convencido que sin tener esas facultades avanz\u00f3 tanto en la macro\u2026\u00a0imag\u00ednense lo que puede hacer con ellas en el campo de la desregulaci\u00f3n\u201c, coment\u00f3.<\/p>\n","protected":false},"excerpt":{"rendered":"<p>El ministro del Interior se refiri\u00f3 al gobernador de la provincia de Buenos Aires luego de que decidiera bajarse de la convocatoria de Javier Milei. Adem\u00e1s, sostuvo que la Ley \u00d3mnibus est\u00e1 \u201cm\u00e1s estilizada\u201d para cuando vuelva a tratarse en el Congreso. El ministro del Interior,\u00a0Guillermo Francos, habl\u00f3 sobre el\u00a0Pacto de Mayo\u00a0convocado por el presidente\u00a0Javier [&hellip;]<\/p>\n","protected":false},"author":2,"featured_media":370,"comment_status":"open","ping_status":"open","sticky":false,"template":"","format":"standard","meta":{"footnotes":""},"categories":[20],"tags":[],"_links":{"self":[{"href":"https:\/\/enlamira.info\/index.php\/wp-json\/wp\/v2\/posts\/368"}],"collection":[{"href":"https:\/\/enlamira.info\/index.php\/wp-json\/wp\/v2\/posts"}],"about":[{"href":"https:\/\/enlamira.info\/index.php\/wp-json\/wp\/v2\/types\/post"}],"author":[{"embeddable":true,"href":"https:\/\/enlamira.info\/index.php\/wp-json\/wp\/v2\/users\/2"}],"replies":[{"embeddable":true,"href":"https:\/\/enlamira.info\/index.php\/wp-json\/wp\/v2\/comments?post=368"}],"version-history":[{"count":2,"href":"https:\/\/enlamira.info\/index.php\/wp-json\/wp\/v2\/posts\/368\/revisions"}],"predecessor-version":[{"id":372,"href":"https:\/\/enlamira.info\/index.php\/wp-json\/wp\/v2\/posts\/368\/revisions\/372"}],"wp:featuredmedia":[{"embeddable":true,"href":"https:\/\/enlamira.info\/index.php\/wp-json\/wp\/v2\/media\/370"}],"wp:attachment":[{"href":"https:\/\/enlamira.info\/index.php\/wp-json\/wp\/v2\/media?parent=368"}],"wp:term":[{"taxonomy":"category","embeddable":true,"href":"https:\/\/enlamira.info\/index.php\/wp-json\/wp\/v2\/categories?post=368"},{"taxonomy":"post_tag","embeddable":true,"href":"https:\/\/enlamira.info\/index.php\/wp-json\/wp\/v2\/tags?post=368"}],"curies":[{"name":"wp","href":"https:\/\/api.w.org\/{rel}","templated":true}]}}