{"id":3668,"date":"2024-04-20T11:32:32","date_gmt":"2024-04-20T14:32:32","guid":{"rendered":"https:\/\/enlamira.info\/?p=3668"},"modified":"2024-04-20T11:34:22","modified_gmt":"2024-04-20T14:34:22","slug":"el-gobierno-convoco-a-las-universidades-para-discutir-la-actualizacion-del-presupuesto","status":"publish","type":"post","link":"https:\/\/enlamira.info\/index.php\/2024\/04\/20\/el-gobierno-convoco-a-las-universidades-para-discutir-la-actualizacion-del-presupuesto\/","title":{"rendered":"El Gobierno convoc\u00f3 a las universidades para discutir la actualizaci\u00f3n del presupuesto"},"content":{"rendered":"\n<p>Las autoridades de las distintas casas de estudio se reunir\u00e1n con el secretario de Educaci\u00f3n, Carlos Torrendell, el pr\u00f3ximo 30 de abril. En tanto, la Marcha Universitaria seguir\u00e1 en pie.<\/p>\n\n\n\n<p>Luego de las versiones contradictorias sobre un aumento de presupuesto para la educaci\u00f3n superior, finalmente se confirm\u00f3 una\u00a0convocatoria para debatir sobre la actualizaci\u00f3n de la financiaci\u00f3n.\u00a0<\/p>\n\n\n\n<p>La convocatoria se llevar\u00e1 a cabo el martes 30 de abril y contar\u00e1 con la participaci\u00f3n de autoridades del Consejo Interuniversitario Nacional y la Secretar\u00eda de Educaci\u00f3n, a cargo de Carlos Torrendell.<\/p>\n\n\n\n<p>La agenda incluir\u00e1 la discusi\u00f3n sobre una ampliaci\u00f3n del presupuesto, as\u00ed como tambi\u00e9n procesos de auditor\u00eda y fiscalizaci\u00f3n. Adem\u00e1s, se oficializar\u00eda un cronograma de desembolsos para el funcionamiento de los hospitales universitarios.<\/p>\n\n\n\n<p>Seg\u00fan un comunicado del\u00a0Ministerio de Capital Humano, difundido el jueves por la noche, se hab\u00eda consensuado con el Consejo Interuniversitario Nacional un aumento del 140% en los fondos, lo que aliviar\u00eda la situaci\u00f3n de asfixia presupuestaria en la que se encuentran actualmente las instituciones. La noticia, incluso, fue celebrada por Alejandro \u00c1lvarez, subsecretario de Pol\u00edticas Universitarias de la Naci\u00f3n.<\/p>\n\n\n\n<p>De esta forma, el Gobierno anunci\u00f3 que se dispondr\u00e1 de un incremento del 70% en los valores de marzo para la\u00a0asignaci\u00f3n por gastos de funcionamiento de las universidades, elev\u00e1ndola a $10.075.851.995 mensuales. Adem\u00e1s, se prev\u00e9 otro aumento del 70% para mayo, alcanzando un presupuesto mensual de $14.224.732.213.<\/p>\n\n\n\n<p>Sin embargo,\u00a0el Consejo Interuniversitario Nacional (CIN) aclar\u00f3 que esto \u201cno se trata de un acuerdo sino de un anuncio del gobierno\u201d.\u00a0En este contexto, el CIN reiter\u00f3 la necesidad de \u201c incrementos necesarios para gastos de funcionamiento y becas estudiantiles, actualizaci\u00f3n de salarios docentes y nodocentes y reactivaci\u00f3n de las pol\u00edticas de ciencia, investigaci\u00f3n y extensi\u00f3n y el financiamiento de obras\u201d.<\/p>\n\n\n\n<p>En el mismo comunicado, la agrupaci\u00f3n ratific\u00f3 la\u00a0Marcha Universitaria\u00a0convocada para el 23 abril, que \u201cse realizar\u00e1 como estaba prevista, pues es una actividad de vital importancia para visibilizar la situaci\u00f3n que atraviesa el sistema universitario y cient\u00edfico nacional\u201d.<\/p>\n\n\n\n<p>En el escrito difundido esta noche, el CIN destac\u00f3 que el di\u00e1logo \u201ces, sin dudas, el camino para lograr acuerdos duraderos que den la previsibilidad que el sistema universitario y cient\u00edfico necesita en materia presupuestaria\u201d y valora que \u201cse reconozca parte de lo que venimos reclamando, sustancial e ineludible, para el normal funcionamiento de nuestras instituciones\u201d.<\/p>\n\n\n\n<p>Bajo el lema \u201cEn defensa de la educaci\u00f3n p\u00fablica\u201d, diversas ciudades se unir\u00e1n a esta movilizaci\u00f3n por las universidades nacionales. En Buenos Aires, la convocatoria ser\u00e1 a las 15:30 horas en el Congreso Nacional, desde donde se marchar\u00e1 hacia la Casa Rosada para la lectura de un documento a las 18 horas.<\/p>\n","protected":false},"excerpt":{"rendered":"<p>Las autoridades de las distintas casas de estudio se reunir\u00e1n con el secretario de Educaci\u00f3n, Carlos Torrendell, el pr\u00f3ximo 30 de abril. En tanto, la Marcha Universitaria seguir\u00e1 en pie. Luego de las versiones contradictorias sobre un aumento de presupuesto para la educaci\u00f3n superior, finalmente se confirm\u00f3 una\u00a0convocatoria para debatir sobre la actualizaci\u00f3n de la [&hellip;]<\/p>\n","protected":false},"author":2,"featured_media":3670,"comment_status":"open","ping_status":"open","sticky":false,"template":"","format":"standard","meta":{"footnotes":""},"categories":[20],"tags":[],"_links":{"self":[{"href":"https:\/\/enlamira.info\/index.php\/wp-json\/wp\/v2\/posts\/3668"}],"collection":[{"href":"https:\/\/enlamira.info\/index.php\/wp-json\/wp\/v2\/posts"}],"about":[{"href":"https:\/\/enlamira.info\/index.php\/wp-json\/wp\/v2\/types\/post"}],"author":[{"embeddable":true,"href":"https:\/\/enlamira.info\/index.php\/wp-json\/wp\/v2\/users\/2"}],"replies":[{"embeddable":true,"href":"https:\/\/enlamira.info\/index.php\/wp-json\/wp\/v2\/comments?post=3668"}],"version-history":[{"count":1,"href":"https:\/\/enlamira.info\/index.php\/wp-json\/wp\/v2\/posts\/3668\/revisions"}],"predecessor-version":[{"id":3669,"href":"https:\/\/enlamira.info\/index.php\/wp-json\/wp\/v2\/posts\/3668\/revisions\/3669"}],"wp:featuredmedia":[{"embeddable":true,"href":"https:\/\/enlamira.info\/index.php\/wp-json\/wp\/v2\/media\/3670"}],"wp:attachment":[{"href":"https:\/\/enlamira.info\/index.php\/wp-json\/wp\/v2\/media?parent=3668"}],"wp:term":[{"taxonomy":"category","embeddable":true,"href":"https:\/\/enlamira.info\/index.php\/wp-json\/wp\/v2\/categories?post=3668"},{"taxonomy":"post_tag","embeddable":true,"href":"https:\/\/enlamira.info\/index.php\/wp-json\/wp\/v2\/tags?post=3668"}],"curies":[{"name":"wp","href":"https:\/\/api.w.org\/{rel}","templated":true}]}}