{"id":3664,"date":"2024-04-20T11:31:10","date_gmt":"2024-04-20T14:31:10","guid":{"rendered":"https:\/\/enlamira.info\/?p=3664"},"modified":"2024-04-20T11:35:09","modified_gmt":"2024-04-20T14:35:09","slug":"ecuador-decreto-un-nuevo-estado-de-excepcion-por-emergencia-en-el-sector-electrico","status":"publish","type":"post","link":"https:\/\/enlamira.info\/index.php\/2024\/04\/20\/ecuador-decreto-un-nuevo-estado-de-excepcion-por-emergencia-en-el-sector-electrico\/","title":{"rendered":"Ecuador decret\u00f3 un nuevo estado de excepci\u00f3n por emergencia en el sector el\u00e9ctrico"},"content":{"rendered":"\n<p>El presidente Daniel Noboa dispuso el estado de excepci\u00f3n \u201cpor grave conmoci\u00f3n interna y calamidad p\u00fablica\u201d para enfrentar el d\u00e9ficit energ\u00e9tico.<\/p>\n\n\n\n<p>El presidente de\u00a0Ecuador, Daniel Noboa, ha decretado un nuevo\u00a0estado de excepci\u00f3n \u201cpor grave conmoci\u00f3n interna y calamidad p\u00fablica\u201d\u00a0debido a la emergencia en el sector el\u00e9ctrico del pa\u00eds,\u00a0cuando s\u00f3lo faltan 36 horas para que se abran las urnas. Este domingo, se esperaba el refer\u00e9ndum y la consulta popular que preguntar\u00e1 a los ecuatorianos sobre trascendentales temas de seguridad y econ\u00f3micos.<\/p>\n\n\n\n<p>El decreto, que tiene una duraci\u00f3n de 60 d\u00edas, responde a la \u201cnecesidad de contar con el tiempo adecuado para superar los hechos f\u00e1cticos planteados al ser frente al\u00a0d\u00e9ficit energ\u00e9tico\u00a0y garantizar el suministro del servicio de electricidad en el presente, propendiendo a una estabilizaci\u00f3n en el futuro inmediato\u201d.<\/p>\n\n\n\n<p>El estado de excepci\u00f3n contempla la\u00a0movilizaci\u00f3n e intervenci\u00f3n de la Polic\u00eda y las Fuerzas Armadas en todo el territorio nacional, con el objetivo de \u201cgarantizar la seguridad de las instalaciones cr\u00edticas de infraestructura energ\u00e9tica, para prevenir sabotajes, ataques terroristas u otras amenazas que puedan afectar su funcionamiento\u201d.\u00a0En este sentido, se ha dispuesto que personal de Polic\u00eda y Fuerzas Armadas resguarde las instalaciones de las centrales hidroel\u00e9ctricas del pa\u00eds.<\/p>\n\n\n\n<p>Asimismo, el decreto establece que la declaratoria requiere una intervenci\u00f3n urgente de las instituciones del Estado para precautelar y garantizar la provisi\u00f3n del servicio p\u00fablico de energ\u00eda el\u00e9ctrica.<\/p>\n\n\n\n<p>Esta nueva declaratoria de estado de excepci\u00f3n ocurre tres d\u00edas despu\u00e9s de que el Ministerio de Energ\u00eda, mediante un acuerdo, declar\u00f3 en emergencia al sector el\u00e9ctrico.&nbsp;<\/p>\n\n\n\n<p>El pa\u00eds andino est\u00e1 atravesando una dif\u00edcil situaci\u00f3n con un severo racionamiento el\u00e9ctrico de entre 8 y 9 horas en ciudades importantes como Quito y Guayaquil, debido a la sequ\u00eda asociada al fen\u00f3meno climatol\u00f3gico de El Ni\u00f1o.&nbsp;<\/p>\n\n\n\n<p>La reciente destituci\u00f3n de la ministra de Energ\u00eda y Minas, Andrea Arrobo, fue seguida por una investigaci\u00f3n por sabotaje, ya que la funcionaria hab\u00eda asegurado poco antes que no habr\u00eda cortes el\u00e9ctricos. Adem\u00e1s, Colombia anunci\u00f3 que dejar\u00e1 de suministrar energ\u00eda al pa\u00eds vecino.<\/p>\n\n\n\n<p>En medio de esta crisis energ\u00e9tica, Ecuador tambi\u00e9n enfrenta una\u00a0ola de violencia\u00a0que ha golpeado al pa\u00eds, que se ha convertido en un importante centro del narcotr\u00e1fico en la regi\u00f3n.\u00a0En un lapso de 48 horas, sicarios asesinaron a dos alcaldes de la zona minera, aumentando la tensi\u00f3n en v\u00edsperas de la celebraci\u00f3n de los referendos.<\/p>\n\n\n\n<p>La impactante imagen del alcalde de Portovelo, Jorge Maldonado, ensangrentado en la parte trasera de una camioneta camino al hospital, conmocion\u00f3 al pa\u00eds, que a\u00fan no se hab\u00eda recuperado del asesinato del alcalde de Camilo Ponce Enr\u00edquez. El alcalde Jos\u00e9 S\u00e1nchez recibi\u00f3 varios disparos mientras hac\u00eda deporte cerca de su casa.<\/p>\n\n\n\n<p>Adem\u00e1s del estado de emergencia, el gobierno tambi\u00e9n decret\u00f3 estado de excepci\u00f3n primero y conflicto armado interno, debido al desaf\u00edo planteado por el crimen organizado a principios de a\u00f1o. Los grandes carteles del\u00a0narcotr\u00e1fico\u00a0mexicano, Sinaloa y Jalisco Nueva Generaci\u00f3n, han establecido alianzas con las bandas m\u00e1s importantes del pa\u00eds, como Los Choneros, Los Lobos y Los Tiguerones.<\/p>\n","protected":false},"excerpt":{"rendered":"<p>El presidente Daniel Noboa dispuso el estado de excepci\u00f3n \u201cpor grave conmoci\u00f3n interna y calamidad p\u00fablica\u201d para enfrentar el d\u00e9ficit energ\u00e9tico. El presidente de\u00a0Ecuador, Daniel Noboa, ha decretado un nuevo\u00a0estado de excepci\u00f3n \u201cpor grave conmoci\u00f3n interna y calamidad p\u00fablica\u201d\u00a0debido a la emergencia en el sector el\u00e9ctrico del pa\u00eds,\u00a0cuando s\u00f3lo faltan 36 horas para que se [&hellip;]<\/p>\n","protected":false},"author":2,"featured_media":3667,"comment_status":"open","ping_status":"open","sticky":false,"template":"","format":"standard","meta":{"footnotes":""},"categories":[30],"tags":[],"_links":{"self":[{"href":"https:\/\/enlamira.info\/index.php\/wp-json\/wp\/v2\/posts\/3664"}],"collection":[{"href":"https:\/\/enlamira.info\/index.php\/wp-json\/wp\/v2\/posts"}],"about":[{"href":"https:\/\/enlamira.info\/index.php\/wp-json\/wp\/v2\/types\/post"}],"author":[{"embeddable":true,"href":"https:\/\/enlamira.info\/index.php\/wp-json\/wp\/v2\/users\/2"}],"replies":[{"embeddable":true,"href":"https:\/\/enlamira.info\/index.php\/wp-json\/wp\/v2\/comments?post=3664"}],"version-history":[{"count":1,"href":"https:\/\/enlamira.info\/index.php\/wp-json\/wp\/v2\/posts\/3664\/revisions"}],"predecessor-version":[{"id":3665,"href":"https:\/\/enlamira.info\/index.php\/wp-json\/wp\/v2\/posts\/3664\/revisions\/3665"}],"wp:featuredmedia":[{"embeddable":true,"href":"https:\/\/enlamira.info\/index.php\/wp-json\/wp\/v2\/media\/3667"}],"wp:attachment":[{"href":"https:\/\/enlamira.info\/index.php\/wp-json\/wp\/v2\/media?parent=3664"}],"wp:term":[{"taxonomy":"category","embeddable":true,"href":"https:\/\/enlamira.info\/index.php\/wp-json\/wp\/v2\/categories?post=3664"},{"taxonomy":"post_tag","embeddable":true,"href":"https:\/\/enlamira.info\/index.php\/wp-json\/wp\/v2\/tags?post=3664"}],"curies":[{"name":"wp","href":"https:\/\/api.w.org\/{rel}","templated":true}]}}