{"id":3661,"date":"2024-04-20T11:29:57","date_gmt":"2024-04-20T14:29:57","guid":{"rendered":"https:\/\/enlamira.info\/?p=3661"},"modified":"2024-04-20T11:35:50","modified_gmt":"2024-04-20T14:35:50","slug":"rosario-suspendieron-al-tio-del-periodista-que-denuncio-haber-sido-abusado","status":"publish","type":"post","link":"https:\/\/enlamira.info\/index.php\/2024\/04\/20\/rosario-suspendieron-al-tio-del-periodista-que-denuncio-haber-sido-abusado\/","title":{"rendered":"Rosario: suspendieron al t\u00edo del periodista que denunci\u00f3 haber sido abusado"},"content":{"rendered":"\n<p>El docente acusado, que fue apartado de su cargo en la UNR, tambi\u00e9n ense\u00f1aba Educaci\u00f3n Sexual Integral en otro centro educativo.<\/p>\n\n\n\n<p>Tras la\u00a0denuncia\u00a0de abuso sexual realizada por\u00a0el periodista Juan Pedro Aleart\u00a0contra su t\u00edo, Helvio Vila, este \u00faltimo fue suspendido de su cargo como profesor universitario en la Universidad Nacional de Rosario (UNR), donde impart\u00eda clases de Microbiolog\u00eda.\u00a0El acusado, adem\u00e1s, dictaba clases de Educaci\u00f3n Sexual Integral (ESI) en otro centro educativo.<\/p>\n\n\n\n<p>Vila era conocido en el \u00e1mbito acad\u00e9mico por su destacada labor como docente, habiendo ocupado diversas funciones, incluyendo la direcci\u00f3n del \u00c1rea de Formaci\u00f3n Docente en la Facultad de Ciencias M\u00e9dicas desde 1996. Sin embargo, tras la denuncia de abuso realizada por su sobrino, el rector de la UNR, Franco Bartolacci, orden\u00f3 la apertura de un sumario y la suspensi\u00f3n del profesor.<\/p>\n\n\n\n<p>Adem\u00e1s de su trabajo en la UNR, Vila se desempe\u00f1\u00f3 como directivo en el Centre Catal\u00e1 y la Escuela Integral de Fisherton. Es en esta \u00faltima instituci\u00f3n donde surgieron acusaciones adicionales por parte de exalumnas, que denunciaron haber sido\u00a0v\u00edctimas\u00a0de abuso por parte del docente.<\/p>\n\n\n\n<p>Ante estas acusaciones, la Escuela de Fisherton manifest\u00f3 su consternaci\u00f3n ante las acusaciones y aclar\u00f3 que el docente acusado renunci\u00f3 en 2019, sin que existieran denuncias formales en su contra durante su tiempo en la instituci\u00f3n.<\/p>\n\n\n\n<p>A pesar de la denuncia realizada por Juan Pedro Aleart, la justicia consider\u00f3 que los presuntos abusos hab\u00edan prescrito, ya que habr\u00edan ocurrido antes de 2015, cuando se modificaron las leyes al respecto.&nbsp;<\/p>\n\n\n\n<p>Actualmente,\u00a0el caso se encuentra en manos de la\u00a0Corte Suprema de Justicia, en busca de esclarecer los hechos y obtener justicia para las presuntas v\u00edctimas.<\/p>\n\n\n\n<p>Juan Pedro Aleart, periodista rosarino, decidi\u00f3 compartir su experiencia de abuso intrafamiliar en un relato que conmovi\u00f3 a muchos.&nbsp;Este viernes, en una entrevista exclusiva con&nbsp;<em>TN<\/em>, expres\u00f3 sentirse \u201corgulloso de haber dado este paso important\u00edsimo para el camino de sanaci\u00f3n\u201d, en referencia a su capacidad de poner en palabras el grave episodio de violencia que debi\u00f3 atravesar.<\/p>\n\n\n\n<p>\u201cEstoy viviendo un momento de alivio y de calma. Por momentos tambi\u00e9n me siento conmovido porque recibo muchos mensajes de cari\u00f1o.\u00a0Ojal\u00e1 que contar esto que me toc\u00f3 atravesar ayude a muchas personas que fueron o son abusadas y no se animan a denunciar\u201d, expres\u00f3 Aleart.<\/p>\n\n\n\n<p>El periodista que est\u00e1 al frente del noticiero del mediod\u00eda emitido por el canal El Tres de Rosario cont\u00f3 que vive un proceso largo y dif\u00edcil de recuperaci\u00f3n y agradeci\u00f3 a su familia y a su terapeuta. Despu\u00e9s, enfatiz\u00f3:\u00a0\u201cSiendo una figura p\u00fablica me siento orgulloso y aliviado por haber hablado\u201d.<\/p>\n","protected":false},"excerpt":{"rendered":"<p>El docente acusado, que fue apartado de su cargo en la UNR, tambi\u00e9n ense\u00f1aba Educaci\u00f3n Sexual Integral en otro centro educativo. Tras la\u00a0denuncia\u00a0de abuso sexual realizada por\u00a0el periodista Juan Pedro Aleart\u00a0contra su t\u00edo, Helvio Vila, este \u00faltimo fue suspendido de su cargo como profesor universitario en la Universidad Nacional de Rosario (UNR), donde impart\u00eda clases [&hellip;]<\/p>\n","protected":false},"author":2,"featured_media":3663,"comment_status":"open","ping_status":"open","sticky":false,"template":"","format":"standard","meta":{"footnotes":""},"categories":[32],"tags":[],"_links":{"self":[{"href":"https:\/\/enlamira.info\/index.php\/wp-json\/wp\/v2\/posts\/3661"}],"collection":[{"href":"https:\/\/enlamira.info\/index.php\/wp-json\/wp\/v2\/posts"}],"about":[{"href":"https:\/\/enlamira.info\/index.php\/wp-json\/wp\/v2\/types\/post"}],"author":[{"embeddable":true,"href":"https:\/\/enlamira.info\/index.php\/wp-json\/wp\/v2\/users\/2"}],"replies":[{"embeddable":true,"href":"https:\/\/enlamira.info\/index.php\/wp-json\/wp\/v2\/comments?post=3661"}],"version-history":[{"count":1,"href":"https:\/\/enlamira.info\/index.php\/wp-json\/wp\/v2\/posts\/3661\/revisions"}],"predecessor-version":[{"id":3662,"href":"https:\/\/enlamira.info\/index.php\/wp-json\/wp\/v2\/posts\/3661\/revisions\/3662"}],"wp:featuredmedia":[{"embeddable":true,"href":"https:\/\/enlamira.info\/index.php\/wp-json\/wp\/v2\/media\/3663"}],"wp:attachment":[{"href":"https:\/\/enlamira.info\/index.php\/wp-json\/wp\/v2\/media?parent=3661"}],"wp:term":[{"taxonomy":"category","embeddable":true,"href":"https:\/\/enlamira.info\/index.php\/wp-json\/wp\/v2\/categories?post=3661"},{"taxonomy":"post_tag","embeddable":true,"href":"https:\/\/enlamira.info\/index.php\/wp-json\/wp\/v2\/tags?post=3661"}],"curies":[{"name":"wp","href":"https:\/\/api.w.org\/{rel}","templated":true}]}}