{"id":3658,"date":"2024-04-20T11:28:46","date_gmt":"2024-04-20T14:28:46","guid":{"rendered":"https:\/\/enlamira.info\/?p=3658"},"modified":"2024-04-20T11:36:32","modified_gmt":"2024-04-20T14:36:32","slug":"cristina-kirchner-critico-a-javier-milei-y-lo-califico-de-maligno","status":"publish","type":"post","link":"https:\/\/enlamira.info\/index.php\/2024\/04\/20\/cristina-kirchner-critico-a-javier-milei-y-lo-califico-de-maligno\/","title":{"rendered":"Cristina Kirchner critic\u00f3 a Javier Milei y lo calific\u00f3 de \u201cmaligno\u201d"},"content":{"rendered":"\n<p>La exvicepresidenta critic\u00f3 el DNU impulsado por el exmandatario en un encuentro excombatientes de Malvinas.<\/p>\n\n\n\n<p>La exmandataria\u00a0Cristina\u00a0Kirchner\u00a0critic\u00f3 el DNU 70\/2023 de\u00a0Javier Milei\u00a0donde el jefe de Estado plantea la desregulaci\u00f3n de la econom\u00eda. Fern\u00e1ndez lo tild\u00f3 de \u201cmaligno\u201d y carg\u00f3 contra el actual premier argentino.<\/p>\n\n\n\n<p>Fue durante un encuentro con dos representantes del Centro Excombatientes Islas Malvinas (Cecim La Plata):\u00a0Rodolfo Carrizo y Ernesto Alonso, quienes\u00a0presentaron\u00a0una acci\u00f3n judicial contra el mega DNU.<\/p>\n\n\n\n<p>Ya la\u00a0Corte Suprema\u00a0de Justicia\u00a0hab\u00eda rechazado por unanimidad, los planteos interpuestos contra el decreto de necesidad y urgencia (DNU) 70\/2023, a partir de las demandas que solicitaban que se declare la inconstitucionalidad del decreto hab\u00edan sido impuestas por el gobernador de\u00a0La Rioja, el peronista\u00a0Ricardo Quintela, y el ex presidente del Colegio de Abogac\u00eda de la Ciudad de Buenos Aires,\u00a0Jorge Rizzo.<\/p>\n\n\n\n<p>\u201cLa provincia de La Rioja no ha puesto a consideraci\u00f3n del Tribunal una causa, asunto o caso contencioso cuya decisi\u00f3n corresponda a los tribunales de la Naci\u00f3n\u00a0de conformidad con los art\u00edculos 116 y 117 de la Constituci\u00f3n\u00a0y 2\u00b0 de la ley 27\u201d, indica el fallo de los magistrados que componen el tribunal m\u00e1ximo del pa\u00eds.<\/p>\n\n\n\n<h3 class=\"wp-block-heading\">La definici\u00f3n de CFK<\/h3>\n\n\n\n<p>\u201cFueron los que presentaron la acci\u00f3n judicial contra el decreto 70, el maligno\u201d, dijo haciendo el gesto de comillas con las manos y afirm\u00f3: \u201cContra el tema de la derogaci\u00f3n de la Ley de Tierras que hab\u00edamos sancionado durante nuestro gobierno para impedir la extranjerizaci\u00f3n de las tierras\u201d.<\/p>\n\n\n\n<p>\u201cEstos se\u00f1ores, adem\u00e1s de defender a Malvinas frente al enemigo ingl\u00e9s, defienden la Tierra, tuya tambi\u00e9n, en los tribunales. Los tribunales les dieron la raz\u00f3n y suspendieron la vigencia del decreto 70 respecto de la Ley de Tierras\u201d, concluy\u00f3.<\/p>\n","protected":false},"excerpt":{"rendered":"<p>La exvicepresidenta critic\u00f3 el DNU impulsado por el exmandatario en un encuentro excombatientes de Malvinas. La exmandataria\u00a0Cristina\u00a0Kirchner\u00a0critic\u00f3 el DNU 70\/2023 de\u00a0Javier Milei\u00a0donde el jefe de Estado plantea la desregulaci\u00f3n de la econom\u00eda. Fern\u00e1ndez lo tild\u00f3 de \u201cmaligno\u201d y carg\u00f3 contra el actual premier argentino. Fue durante un encuentro con dos representantes del Centro Excombatientes Islas [&hellip;]<\/p>\n","protected":false},"author":2,"featured_media":3660,"comment_status":"open","ping_status":"open","sticky":false,"template":"","format":"standard","meta":{"footnotes":""},"categories":[20],"tags":[],"_links":{"self":[{"href":"https:\/\/enlamira.info\/index.php\/wp-json\/wp\/v2\/posts\/3658"}],"collection":[{"href":"https:\/\/enlamira.info\/index.php\/wp-json\/wp\/v2\/posts"}],"about":[{"href":"https:\/\/enlamira.info\/index.php\/wp-json\/wp\/v2\/types\/post"}],"author":[{"embeddable":true,"href":"https:\/\/enlamira.info\/index.php\/wp-json\/wp\/v2\/users\/2"}],"replies":[{"embeddable":true,"href":"https:\/\/enlamira.info\/index.php\/wp-json\/wp\/v2\/comments?post=3658"}],"version-history":[{"count":1,"href":"https:\/\/enlamira.info\/index.php\/wp-json\/wp\/v2\/posts\/3658\/revisions"}],"predecessor-version":[{"id":3659,"href":"https:\/\/enlamira.info\/index.php\/wp-json\/wp\/v2\/posts\/3658\/revisions\/3659"}],"wp:featuredmedia":[{"embeddable":true,"href":"https:\/\/enlamira.info\/index.php\/wp-json\/wp\/v2\/media\/3660"}],"wp:attachment":[{"href":"https:\/\/enlamira.info\/index.php\/wp-json\/wp\/v2\/media?parent=3658"}],"wp:term":[{"taxonomy":"category","embeddable":true,"href":"https:\/\/enlamira.info\/index.php\/wp-json\/wp\/v2\/categories?post=3658"},{"taxonomy":"post_tag","embeddable":true,"href":"https:\/\/enlamira.info\/index.php\/wp-json\/wp\/v2\/tags?post=3658"}],"curies":[{"name":"wp","href":"https:\/\/api.w.org\/{rel}","templated":true}]}}