{"id":3655,"date":"2024-04-20T11:27:48","date_gmt":"2024-04-20T14:27:48","guid":{"rendered":"https:\/\/enlamira.info\/?p=3655"},"modified":"2024-04-20T11:37:14","modified_gmt":"2024-04-20T14:37:14","slug":"tras-el-aumento-a-los-senadores-la-oposicion-presiona-para-actualizar-las-dietas-en-diputados","status":"publish","type":"post","link":"https:\/\/enlamira.info\/index.php\/2024\/04\/20\/tras-el-aumento-a-los-senadores-la-oposicion-presiona-para-actualizar-las-dietas-en-diputados\/","title":{"rendered":"Tras el aumento a los senadores, la oposici\u00f3n presiona para actualizar las dietas en Diputados"},"content":{"rendered":"\n<p>Legisladores de bloques opositores cuestionaron al titular de la C\u00e1mara baja, Mart\u00edn Menem, por mantener congeladas las dietas.<\/p>\n\n\n\n<p>En la\u00a0C\u00e1mara de Diputados, los legisladores quedaron sorprendidos ayer cuando sus pares del\u00a0Senado\u00a0aprobaron un aumento en sus dietas.\u00a0En este sentido, criticaron la falta de tacto en las formas y el momento elegido para esta medida, especialmente en un contexto de ajuste econ\u00f3mico. \u201cLos senadores le regalaron a Javier Milei un argumento m\u00e1s para pegarle al Congreso y a la casta\u201d, reprocharon desde la oposici\u00f3n.<\/p>\n\n\n\n<p>M\u00e1s all\u00e1 de las cr\u00edticas al Senado, todos los bloques opositores en\u00a0Diputados, incluido el Pro \u2013que es cercano al Gobierno\u2013, coinciden en que ser\u00e1 dif\u00edcil que Mart\u00edn Menem, presidente del cuerpo, pueda mantener congelados los ingresos por mucho m\u00e1s tiempo.\u00a0<\/p>\n\n\n\n<p>Con el aumento aprobado la semana pasada, los senadores pasar\u00e1n a cobrar m\u00e1s del doble que un diputado nacional, cuya dieta mensual se mantuvo congelada desde diciembre pasado y oscila entre $1,4 y $1,9 millones, dependiendo de si reciben el plus por desarraigo.<\/p>\n\n\n\n<p>A pesar de que Menem y la presidenta del Senado, Victoria Villarruel, hab\u00edan concedido hace tres meses una actualizaci\u00f3n del 30% de las dietas en l\u00ednea con la paritaria de los empleados del Poder Legislativo, dejaron sin efecto el beneficio por orden del Presidente.&nbsp;<\/p>\n\n\n\n<p>Esto gener\u00f3 una gran indignaci\u00f3n entre los legisladores, que aunque debieron expresarla en voz baja, el\u00a0malestar\u00a0va en aumento. Especialmente entre los diputados del interior del pa\u00eds, que ya est\u00e1n restringiendo sus viajes a la Capital porque dicen que ya no pueden costear su estad\u00eda.<\/p>\n\n\n\n<p>\u201cHay legisladores de mi bloque que me anticipan que no van a viajar desde sus provincias si no es urgente, porque se les va las tres cuartas partes de su dieta s\u00f3lo en pagar las noches de hotel, que en Capital cuestan una fortuna. Todas las semanas hago malabares para cubrirlos con reemplazos en las comisiones\u201d, relat\u00f3 a&nbsp;<em>LA NACI\u00d3N<\/em>, con un dejo de agobio, un importante jefe de bloque opositor.<\/p>\n\n\n\n<p>Menem, por el momento, posterga el problema y evita dar una respuesta a los que reclaman una soluci\u00f3n urgente.\u00a0\u201cNos dice que entiende la situaci\u00f3n, pero que esperemos hasta despu\u00e9s de la sanci\u00f3n de la ley de Bases y del paquete fiscal\u201d, sugiere otro jefe de bloque de manera esc\u00e9ptica. Sin embargo, \u00bfdepender\u00e1 de la aprobaci\u00f3n de las\u00a0leyes solicitadas por el Poder Ejecutivo\u00a0que los diputados reciban un aumento en sus dietas?<\/p>\n\n\n\n<p>El presidente de la C\u00e1mara de Diputados ya est\u00e1 bajo la cr\u00edtica de la oposici\u00f3n. \u201cYo vivo de la dieta que recibo todos los meses, mi trabajo es full time en el Congreso por lo que no recibo otro ingreso. Muchos est\u00e1n en la misma condici\u00f3n. En cambio, Menem se da el lujo de sortearla mientras vende barritas energ\u00e9ticas de cereal de su empresa en La Rioja. Si \u00e9l tiene espaldas para prescindir de la dieta est\u00e1 perfecto, pero no puede imponerle al resto de los diputados un congelamiento eterno en sus ingresos\u201d, reprocha otro legislador.<\/p>\n\n\n\n<p>Menem tiene mandato como presidente del cuerpo hasta los primeros d\u00edas de diciembre. \u201cHabr\u00e1 que ver si logra renovar\u201d, desaf\u00edan desde la oposici\u00f3n m\u00e1s cr\u00edtica hacia su gesti\u00f3n.<\/p>\n\n\n\n<h3 class=\"wp-block-heading\"><strong>Los proyectos<\/strong><\/h3>\n\n\n\n<p>Varias son las\u00a0propuestas\u00a0que se acercaron desde las distintas bancadas.\u00a0\u201cLo m\u00e1s razonable es que las dietas vuelvan a quedar enganchadas a los aumentos de los empleados legislativos.\u00a0En lo que va de este a\u00f1o las subas que se acordaron est\u00e1n por detr\u00e1s de la inflaci\u00f3n, no es algo insensato\u201d, desliza un legislador opositor.<\/p>\n\n\n\n<p>Desde el bloque de Hacemos Coalici\u00f3n Federal, que conduce Miguel Pichetto, sostienen que la discusi\u00f3n salarial deber\u00eda definirse por ley y abarcar a los tres poderes del Estado, para que la equiparaci\u00f3n sea justa y el desfasaje entre las dietas de los legisladores y los ingresos de los jueces y ministros no sea tan marcada como lo es hoy.<\/p>\n\n\n\n<p>En esa l\u00ednea, present\u00f3 un proyecto de ley de \u201cequiparaci\u00f3n y limitaci\u00f3n de remuneraciones en el sector p\u00fablico\u201d, por la cual proponen que el vicepresidente de la Naci\u00f3n, los jueces de la Corte Suprema de Justicia, los senadores y diputados no puedan tener una remuneraci\u00f3n mensual que supere a la del Presidente de la Naci\u00f3n. Las\u00a0actualizaciones, sostiene el proyecto, deben regirse por la f\u00f3rmula de movilidad jubilatoria.<\/p>\n\n\n\n<p>En tanto, la diputada Mar\u00eda Eugenia Vidal (Pro) volvi\u00f3 a presentar hoy su proyecto por el cual\u00a0propone que los aumentos de sueldo de los legisladores no puedan ser mayor al porcentaje de aumento anual de las jubilaciones.\u00a0En esta misma l\u00ednea va el proyecto del diputado libertario Carlos D\u2019Alessandro, aunque con una diferencia: propone fijar como base del ingreso de los legisladores una proporci\u00f3n de 20 haberes m\u00ednimos.<\/p>\n\n\n\n<p>Al valor actual del haber m\u00ednimo ($204.000), si sus colegas aprobaran la iniciativa del libertario la dieta trepar\u00eda a unos 4 millones de pesos mensuales. Casi lo mismo que el ingreso neto que percibir\u00e1n los senadores tras el aumento que se otorgaron ayer.<\/p>\n","protected":false},"excerpt":{"rendered":"<p>Legisladores de bloques opositores cuestionaron al titular de la C\u00e1mara baja, Mart\u00edn Menem, por mantener congeladas las dietas. En la\u00a0C\u00e1mara de Diputados, los legisladores quedaron sorprendidos ayer cuando sus pares del\u00a0Senado\u00a0aprobaron un aumento en sus dietas.\u00a0En este sentido, criticaron la falta de tacto en las formas y el momento elegido para esta medida, especialmente en [&hellip;]<\/p>\n","protected":false},"author":2,"featured_media":3657,"comment_status":"open","ping_status":"open","sticky":false,"template":"","format":"standard","meta":{"footnotes":""},"categories":[20],"tags":[],"_links":{"self":[{"href":"https:\/\/enlamira.info\/index.php\/wp-json\/wp\/v2\/posts\/3655"}],"collection":[{"href":"https:\/\/enlamira.info\/index.php\/wp-json\/wp\/v2\/posts"}],"about":[{"href":"https:\/\/enlamira.info\/index.php\/wp-json\/wp\/v2\/types\/post"}],"author":[{"embeddable":true,"href":"https:\/\/enlamira.info\/index.php\/wp-json\/wp\/v2\/users\/2"}],"replies":[{"embeddable":true,"href":"https:\/\/enlamira.info\/index.php\/wp-json\/wp\/v2\/comments?post=3655"}],"version-history":[{"count":1,"href":"https:\/\/enlamira.info\/index.php\/wp-json\/wp\/v2\/posts\/3655\/revisions"}],"predecessor-version":[{"id":3656,"href":"https:\/\/enlamira.info\/index.php\/wp-json\/wp\/v2\/posts\/3655\/revisions\/3656"}],"wp:featuredmedia":[{"embeddable":true,"href":"https:\/\/enlamira.info\/index.php\/wp-json\/wp\/v2\/media\/3657"}],"wp:attachment":[{"href":"https:\/\/enlamira.info\/index.php\/wp-json\/wp\/v2\/media?parent=3655"}],"wp:term":[{"taxonomy":"category","embeddable":true,"href":"https:\/\/enlamira.info\/index.php\/wp-json\/wp\/v2\/categories?post=3655"},{"taxonomy":"post_tag","embeddable":true,"href":"https:\/\/enlamira.info\/index.php\/wp-json\/wp\/v2\/tags?post=3655"}],"curies":[{"name":"wp","href":"https:\/\/api.w.org\/{rel}","templated":true}]}}