{"id":3652,"date":"2024-04-20T11:26:20","date_gmt":"2024-04-20T14:26:20","guid":{"rendered":"https:\/\/enlamira.info\/?p=3652"},"modified":"2024-04-20T11:38:08","modified_gmt":"2024-04-20T14:38:08","slug":"javier-milei-califico-como-heroes-a-quienes-fugaron-dolares-escaparon-de-las-garras-del-estado","status":"publish","type":"post","link":"https:\/\/enlamira.info\/index.php\/2024\/04\/20\/javier-milei-califico-como-heroes-a-quienes-fugaron-dolares-escaparon-de-las-garras-del-estado\/","title":{"rendered":"Javier Milei calific\u00f3 como \u201ch\u00e9roes\u201d a quienes fugaron d\u00f3lares: \u201cEscaparon de las garras del Estado\u201d"},"content":{"rendered":"\n<p>Durante el cierre de la jornada en el Foro Llao Llao, el Presidente recomend\u00f3 comprar divisa estadounidense y prometi\u00f3 devolver \u201cla plata de los impuestos\u201d a los empresarios.<\/p>\n\n\n\n<p>En su discurso de cierre en el\u00a0Foro Llao Llao, el presidente\u00a0Javier Milei defini\u00f3 como \u201ch\u00e9roes\u201d a quienes fugaron d\u00f3lares, ya que considera que lograron \u201cescapar de las garras del Estado\u201d. Adem\u00e1s, prometi\u00f3 a los empresarios que les allanar\u00e1 el camino y buscar\u00e1 devolverles la plata de los impuestos.<\/p>\n\n\n\n<p>\u201cYo les voy a allanar el camino; en la medida que la Argentina empiece a crecer, le voy a poner un pie encima al gasto p\u00fablico, tal que lo licue en t\u00e9rminos de PBI y empezar a devolverles la plata de los impuestos\u201d, sostuvo.<\/p>\n\n\n\n<p>Y afirm\u00f3: \u201cEl problema central es el d\u00e9ficit fiscal. Tiene d\u00e9ficit, lo financian con emisi\u00f3n, pierden reservas, aparece la ley cambiar\u00eda para que no puedan cambiar d\u00f3lares. Financian el d\u00e9ficit, generan inflaci\u00f3n \u00bfy que hacen? Controles de precios, aparece la ley de g\u00f3ndolas \u00bfY qu\u00e9 pasa cuando controlan precios? Aparece el desabastecimiento.\u00a0Se van los d\u00f3lares, ponen control de capitales y el que fuga no es un delincuente. Es un h\u00e9roe que logr\u00f3 escaparse de las garras del Estado\u201d.<\/p>\n\n\n\n<p>Sobre la subida de\u00a0sueldo de los legisladores, Milei expres\u00f3 que estamos en \u201cun momento de revelaci\u00f3n maravilloso\u201d en el que \u201cest\u00e1 saliendo toda la porquer\u00eda de la pol\u00edtica a la luz\u201d. \u201cLos estamos dejando en evidencia a todos, en el 2025 los vamos a aplastar directamente\u201d, augur\u00f3.<\/p>\n\n\n\n<p>\u201cPrep\u00e1rense porque vamos a arrasar y ah\u00ed s\u00ed vamos a tener la composici\u00f3n de las c\u00e1maras que necesitamos para hacer las reformas que la Argentina necesita para volver a ser grande. Cuando termine todo esto, el ajuste fiscal va a ser el consolidado de 15 puntos del PBI, es decir\u00a0va a haber 15 puntos del PBI que se lo llevaba el Gobierno para financiar actividades parasitarias y que ahora ser\u00e1 un ahorro que se va a transformar en inversi\u00f3n productiva\u201d, indic\u00f3 provocando algunas risas en el auditorio.<\/p>\n\n\n\n<p>Frente a la reacci\u00f3n de los presentes, el mandatario sigui\u00f3 su relato en la misma l\u00ednea y ratific\u00f3 sus dichos. \u201cUstedes se r\u00eden, pero yo lo veo as\u00ed\u201d. agreg\u00f3 en tono risue\u00f1o.<\/p>\n\n\n\n<p>\u201c\u00bfQu\u00e9 le recomendar\u00edas a tu cliente? Me pongo el traje de economista: compr\u00e1 d\u00f3lares.\u00a0Eso despu\u00e9s figura como fuga. Y la verdad que, si lo compran en negro mejor, porque as\u00ed no tiene que pagar un mont\u00f3n de impuestos est\u00fapidos que hay, todo para financiar a los que levantan la manito y al que lo hace de queruza, para financiar a esos in\u00fatiles\u201d, remarc\u00f3.<\/p>\n\n\n\n<p>En relaci\u00f3n con las cr\u00edticas a sus\u00a0pol\u00edticas econ\u00f3micas, el mandatario dijo que le \u201ccausa gracia\u201d que \u201clos mismos que se quejan de que ahora el tipo de cambio est\u00e1 atrasado, dec\u00edan que ten\u00eda que ser $600 y la hip\u00f3tesis de inflaci\u00f3n que ten\u00edan es mucho m\u00e1s alta que la que se est\u00e1 viviendo en la realidad\u201d. \u201cLo que digo es: ojo con esos economistas, porque no les cierra el modelo\u201d, advirti\u00f3.<\/p>\n\n\n\n<p>El mandatario ratific\u00f3 el camino que tom\u00f3 para cumplir los objetivos de su gesti\u00f3n y enumer\u00f3 cu\u00e1les son los componentes del programa de estabilizaci\u00f3n.\u00a0En particular, se refiri\u00f3 al primero: la pol\u00edtica fiscal.\u00a0\u201cNosotros hasta le hemos puesto nombre a esa pol\u00edtica fiscal, se llama motosierra y licuadora\u201d, describi\u00f3 en referencia a los dos t\u00e9rminos que utiliza habitualmente para definir su modelo.<\/p>\n\n\n\n<p>Y destac\u00f3: \u201cMuchos de los que nos critican por la calidad del ajuste dec\u00edan que hacer un ajuste de m\u00e1s de un punto del PBI era imposible. Y nosotros apunt\u00e1bamos a que en el a\u00f1o 2024 tuvi\u00e9ramos d\u00e9ficit cero. Y lo hicimos con tanta convicci\u00f3n que obviamente que ten\u00eda licuadora y que ten\u00eda motosierra\u201d.<\/p>\n\n\n\n<p>En cuanto a sus proyecciones econ\u00f3micas, Milei descart\u00f3 que quiera que Argentina se parezca a Alemania, ya que el pa\u00eds europeo \u201ctiene un PBI per c\u00e1pita de USD 50.000\u201d y su plan es m\u00e1s ambicioso.<\/p>\n\n\n\n<p>En su lugar, expres\u00f3 su deseo de que el pa\u00eds se parezca a Irlanda.\u00a0\u201cQuiero ir por un PBI per c\u00e1pita que es 50% m\u00e1s grande que el de Estados Unidos: esa es la revoluci\u00f3n que estamos proponiendo, una verdadera revoluci\u00f3n de la libertad\u201d, expres\u00f3 y vaticin\u00f3 que a 2025 se va a llegar \u201ccon tasas de expansi\u00f3n muy fuertes compuestas de rebote y de crecimiento por descapitalizaci\u00f3n y tasa de inflaci\u00f3n cayendo\u201d.<\/p>\n\n\n\n<p>Finalmente, dirigi\u00e9ndose a los empresarios presentes, Milei les pidi\u00f3 que sean \u201clos h\u00e9roes de esta historia\u201d. \u201cYo les voy a allanar el camino; en la medida que la Argentina empiece a crecer, le voy a poner un pie encima al gasto p\u00fablico, tal que lo licue en t\u00e9rminos de PBI y empezar a devolverles la plata de los impuestos. De ac\u00e1 al futuro tambi\u00e9n va a haber mucha baja de impuestos y va a generar adem\u00e1s una retroalimentaci\u00f3n virtuosa\u201d, prometi\u00f3.<\/p>\n","protected":false},"excerpt":{"rendered":"<p>Durante el cierre de la jornada en el Foro Llao Llao, el Presidente recomend\u00f3 comprar divisa estadounidense y prometi\u00f3 devolver \u201cla plata de los impuestos\u201d a los empresarios. En su discurso de cierre en el\u00a0Foro Llao Llao, el presidente\u00a0Javier Milei defini\u00f3 como \u201ch\u00e9roes\u201d a quienes fugaron d\u00f3lares, ya que considera que lograron \u201cescapar de las [&hellip;]<\/p>\n","protected":false},"author":2,"featured_media":3654,"comment_status":"open","ping_status":"open","sticky":false,"template":"","format":"standard","meta":{"footnotes":""},"categories":[20],"tags":[],"_links":{"self":[{"href":"https:\/\/enlamira.info\/index.php\/wp-json\/wp\/v2\/posts\/3652"}],"collection":[{"href":"https:\/\/enlamira.info\/index.php\/wp-json\/wp\/v2\/posts"}],"about":[{"href":"https:\/\/enlamira.info\/index.php\/wp-json\/wp\/v2\/types\/post"}],"author":[{"embeddable":true,"href":"https:\/\/enlamira.info\/index.php\/wp-json\/wp\/v2\/users\/2"}],"replies":[{"embeddable":true,"href":"https:\/\/enlamira.info\/index.php\/wp-json\/wp\/v2\/comments?post=3652"}],"version-history":[{"count":1,"href":"https:\/\/enlamira.info\/index.php\/wp-json\/wp\/v2\/posts\/3652\/revisions"}],"predecessor-version":[{"id":3653,"href":"https:\/\/enlamira.info\/index.php\/wp-json\/wp\/v2\/posts\/3652\/revisions\/3653"}],"wp:featuredmedia":[{"embeddable":true,"href":"https:\/\/enlamira.info\/index.php\/wp-json\/wp\/v2\/media\/3654"}],"wp:attachment":[{"href":"https:\/\/enlamira.info\/index.php\/wp-json\/wp\/v2\/media?parent=3652"}],"wp:term":[{"taxonomy":"category","embeddable":true,"href":"https:\/\/enlamira.info\/index.php\/wp-json\/wp\/v2\/categories?post=3652"},{"taxonomy":"post_tag","embeddable":true,"href":"https:\/\/enlamira.info\/index.php\/wp-json\/wp\/v2\/tags?post=3652"}],"curies":[{"name":"wp","href":"https:\/\/api.w.org\/{rel}","templated":true}]}}