{"id":3649,"date":"2024-04-20T11:24:41","date_gmt":"2024-04-20T14:24:41","guid":{"rendered":"https:\/\/enlamira.info\/?p=3649"},"modified":"2024-04-20T11:39:10","modified_gmt":"2024-04-20T14:39:10","slug":"pese-al-ajuste-denuncian-viajes-partidarios-de-gobernadores-en-aviones-oficiales","status":"publish","type":"post","link":"https:\/\/enlamira.info\/index.php\/2024\/04\/20\/pese-al-ajuste-denuncian-viajes-partidarios-de-gobernadores-en-aviones-oficiales\/","title":{"rendered":"Pese al ajuste, denuncian viajes partidarios de gobernadores en aviones oficiales"},"content":{"rendered":"\n<p>Pese a la restricci\u00f3n de ANAC prometida por Milei en la apertura de las sesiones ordinarias, de marzo a abril de 2024 se registraron al menos siete traslados hacia actos partidarios.<\/p>\n\n\n\n<p>El pasado 1 de marzo, el presidente\u00a0Javier\u00a0Milei\u00a0dedic\u00f3 unos segundos de su\u00a0discurso\u00a0a la utilizaci\u00f3n por parte de los gobernadores de los\u00a0aviones\u00a0sanitarios\u00a0y oficiales de las provincias y asegur\u00f3 que se terminar\u00eda esta pr\u00e1ctica.<\/p>\n\n\n\n<p>\u201cTanto yo como mis funcionarios viajamos en vuelos comerciales, y no en vuelos privados, como est\u00e1n acostumbrados a hacer los pol\u00edticos que tienen una concepci\u00f3n laxa de para qu\u00e9 sirve un avi\u00f3n sanitario\u201d, asever\u00f3 el\u00a0mandatario.<\/p>\n\n\n\n<p>As\u00ed, el jefe de Estado prometi\u00f3 que en los d\u00edas siguientes la\u00a0Administraci\u00f3n Nacional de Aviaci\u00f3n Civil (ANAC)\u00a0establecer\u00eda un nuevo criterio regulatorio para que \u201cning\u00fan pol\u00edtico ni familiares puedan usar los aviones, salvo para cuestiones estrictamente oficiales\u201d.<\/p>\n\n\n\n<p>Pero la regulaci\u00f3n en cuesti\u00f3n a\u00fan no se implement\u00f3. Es decir, la ANAC, que es el organismo que tiene como tarea central verificar que se cumplan las normas de seguridad en los vuelos civiles y hacer un seguimiento de cada despegue y aterrizaje, no pudo llegar a la tarea.<\/p>\n\n\n\n<p>\u201cSe est\u00e1 analizando la forma porque no es tan sencillo emitir una regulaci\u00f3n de esa clase\u201d, se justificaron.<\/p>\n\n\n\n<p>Mientras tanto los gobernadores contin\u00faan utilizando los aviones provinciales en algunas ocasiones con motivo oficial pero en otras no: en el \u00faltimo mes y medio.<\/p>\n\n\n\n<p>Una nota reciente de\u00a0Bruno Yacono\u00a0logr\u00f3 detectar 19 traslados de mandatarios provinciales\u00a0en aeronaves de sus jurisdicciones, de los que en siete se colaron en la agenda cuestiones partidarias.<\/p>\n\n\n\n<p>Uno de estos casos ocurri\u00f3 el pasado 22 de marzo. Ese d\u00eda en el barrio porte\u00f1o de Caballito se llev\u00f3 adelante el Congreso del Partido Justicialista (PJ) en el que el peronismo comenz\u00f3 a realizar una etapa de discusi\u00f3n interna y que cont\u00f3 con la presencia de diversos gobernadores, entre estos Gildo Insfr\u00e1n, mandatario de Formosa. La aeronave de esta provincia aterriz\u00f3 con\u00a0Insfr\u00e1n\u00a0en su interior tres d\u00edas antes en Buenos Aires (matr\u00edcula LV-BIV) y emprendi\u00f3 el regreso a Formosa tras la finalizaci\u00f3n del encuentro partidario del peronismo. Se estima un valor de traslado que rond\u00f3 los 7000 d\u00f3lares, seg\u00fan fuentes aeron\u00e1uticas.<\/p>\n\n\n\n<p>En reiteradas oportunidades al entorno de\u00a0Insfr\u00e1n\u00a0para obtener informaci\u00f3n sobre este vuelo pero no obtuvo respuesta. Tambi\u00e9n consult\u00f3 cu\u00e1l fue la actividad oficial que eventualmente podr\u00eda haber realizado el gobernador para justificar el uso de la aeronave y tampoco recibi\u00f3 dato alguno.<\/p>\n\n\n\n<p>En el Congreso del PJ tambi\u00e9n participaron\u00a0Ricardo Quintela,\u00a0gobernador de La Rioja y Ra\u00fal Jalil, su par de Catamarca. El primero viaj\u00f3 ese mismo d\u00eda en el avi\u00f3n provincial matr\u00edcula LQ-WTN a un costo aproximado de 9000 d\u00f3lares. Para el Gobierno de Milei este es un acto partidario y no amerita la utilizaci\u00f3n del avi\u00f3n. El entorno de Quintela tampoco respondi\u00f3 las consultas de este medio.<\/p>\n\n\n\n<p>Quien tambi\u00e9n lleg\u00f3 unos d\u00edas antes del 22 de marzo a Buenos Aires en el avi\u00f3n de su provincia fue\u00a0Jalil, que arrib\u00f3 en la aeronave matr\u00edcula LV-JWN a un costo de unos U$S 10.000. En el entorno del gobernador respondieron que aprovech\u00f3 la ocasi\u00f3n para mantener otras reuniones como la que mantuvo con funcionarios del Ente Nacional Regulador de la Electricidad (ENRE). Esto es lo que en el Gobierno llaman un \u201cgris\u201d, es decir, usar la aeronave oficial para un acto partidario y sumar otras actividades para justificar el traslado.<\/p>\n","protected":false},"excerpt":{"rendered":"<p>Pese a la restricci\u00f3n de ANAC prometida por Milei en la apertura de las sesiones ordinarias, de marzo a abril de 2024 se registraron al menos siete traslados hacia actos partidarios. El pasado 1 de marzo, el presidente\u00a0Javier\u00a0Milei\u00a0dedic\u00f3 unos segundos de su\u00a0discurso\u00a0a la utilizaci\u00f3n por parte de los gobernadores de los\u00a0aviones\u00a0sanitarios\u00a0y oficiales de las provincias [&hellip;]<\/p>\n","protected":false},"author":2,"featured_media":3651,"comment_status":"open","ping_status":"open","sticky":false,"template":"","format":"standard","meta":{"footnotes":""},"categories":[20],"tags":[],"_links":{"self":[{"href":"https:\/\/enlamira.info\/index.php\/wp-json\/wp\/v2\/posts\/3649"}],"collection":[{"href":"https:\/\/enlamira.info\/index.php\/wp-json\/wp\/v2\/posts"}],"about":[{"href":"https:\/\/enlamira.info\/index.php\/wp-json\/wp\/v2\/types\/post"}],"author":[{"embeddable":true,"href":"https:\/\/enlamira.info\/index.php\/wp-json\/wp\/v2\/users\/2"}],"replies":[{"embeddable":true,"href":"https:\/\/enlamira.info\/index.php\/wp-json\/wp\/v2\/comments?post=3649"}],"version-history":[{"count":1,"href":"https:\/\/enlamira.info\/index.php\/wp-json\/wp\/v2\/posts\/3649\/revisions"}],"predecessor-version":[{"id":3650,"href":"https:\/\/enlamira.info\/index.php\/wp-json\/wp\/v2\/posts\/3649\/revisions\/3650"}],"wp:featuredmedia":[{"embeddable":true,"href":"https:\/\/enlamira.info\/index.php\/wp-json\/wp\/v2\/media\/3651"}],"wp:attachment":[{"href":"https:\/\/enlamira.info\/index.php\/wp-json\/wp\/v2\/media?parent=3649"}],"wp:term":[{"taxonomy":"category","embeddable":true,"href":"https:\/\/enlamira.info\/index.php\/wp-json\/wp\/v2\/categories?post=3649"},{"taxonomy":"post_tag","embeddable":true,"href":"https:\/\/enlamira.info\/index.php\/wp-json\/wp\/v2\/tags?post=3649"}],"curies":[{"name":"wp","href":"https:\/\/api.w.org\/{rel}","templated":true}]}}