{"id":3619,"date":"2024-04-19T11:43:34","date_gmt":"2024-04-19T14:43:34","guid":{"rendered":"https:\/\/enlamira.info\/?p=3619"},"modified":"2024-04-19T11:48:17","modified_gmt":"2024-04-19T14:48:17","slug":"escala-el-conflicto-en-medio-oriente-israel-lanzo-un-ataque-militar-contra-iran","status":"publish","type":"post","link":"https:\/\/enlamira.info\/index.php\/2024\/04\/19\/escala-el-conflicto-en-medio-oriente-israel-lanzo-un-ataque-militar-contra-iran\/","title":{"rendered":"Escala el conflicto en Medio Oriente: Israel lanz\u00f3 un ataque militar contra Ir\u00e1n"},"content":{"rendered":"\n<p>La contraofensiva fue a blancos cerca de la ciudad de Isfah\u00e1n, donde existen sitios nucleares y una base militar. Tel Aviv habr\u00eda avisado a los EEUU antes de realizar la operaci\u00f3n.<\/p>\n\n\n\n<p>Este viernes por la ma\u00f1ana (hora local)\u00a0Israel\u00a0realiz\u00f3 una operaci\u00f3n militar en Ir\u00e1n\u00a0en represalia por los\u00a0ataques con drones del s\u00e1bado pasado. La ofensiva se realiz\u00f3 en las\u00a0cercan\u00edas de Isfah\u00e1n, donde Teher\u00e1n tiene una base militar y programas nucleares.<\/p>\n\n\n\n<p>La informaci\u00f3n fue difundida en un primer momento por la cadena\u00a0<em>ABC News<\/em>\u00a0y luego\u00a0confirmada por Ir\u00e1n. Por el momento, seg\u00fan fuentes oficiales de Israel,\u00a0no habr\u00eda objetivos civiles ni nucleares.<\/p>\n\n\n\n<p>La\u00a0Agencia Internacional de Energ\u00eda At\u00f3mica, dirigida por el argentino\u00a0Rafael Grossi, sostuvo que\u00a0no hubo da\u00f1os en las centrales nucleares, pidi\u00f3 \u201cmoderaci\u00f3n extrema a todos\u201d y comunic\u00f3 que \u201clas instalaciones nucleares nunca deben ser un objetivo en conflictos militares\u201d.<\/p>\n\n\n\n<p>Varias aerol\u00edneas, como\u00a0Emirates y FlyDubai, desviaron sus vuelos sobre el oeste iran\u00ed\u00a0durante la madrugada y algunas advertencias habr\u00edan sugeridos que el espacio a\u00e9reos habr\u00eda estado cerrado.<\/p>\n\n\n\n<p>\u201cLos reportes indican que\u00a0no hubo grandes da\u00f1os ni amplias explosiones causadas por el impacto de una amenaza a\u00e9rea\u201c, sostuvo la agencia oficial de prensa iran\u00ed (Irna).<\/p>\n\n\n\n<p>Seg\u00fan ABC, un funcionario de los Estados Unidos inform\u00f3 que Israel lanz\u00f3 misiles contra Ir\u00e1n a ra\u00edz del ataque que Teher\u00e1n realiz\u00f3 el s\u00e1bado 13 con 300 drones y misiles que pudieron ser interceptados.<\/p>\n\n\n\n<p>El hecho ocurre en un momento de\u00a0m\u00e1xima tensi\u00f3n en Medio Oriente, donde hay preocupaci\u00f3n por la escalada del conflicto. El jueves la\u00a0ONU\u00a0denunci\u00f3\u00a0\u00a0que \u201cOriente Medio est\u00e1 al borde de un precipicio\u201d.<\/p>\n\n\n\n<p>En esta l\u00ednea, el jefe de la diplomacia de la Uni\u00f3n Europea, Josep Borrell, coment\u00f3:\u00a0\u201cEstamos al borde de una guerra en Oriente Medio que sacudir\u00e1 al resto del mundo\u201d.<\/p>\n","protected":false},"excerpt":{"rendered":"<p>La contraofensiva fue a blancos cerca de la ciudad de Isfah\u00e1n, donde existen sitios nucleares y una base militar. Tel Aviv habr\u00eda avisado a los EEUU antes de realizar la operaci\u00f3n. Este viernes por la ma\u00f1ana (hora local)\u00a0Israel\u00a0realiz\u00f3 una operaci\u00f3n militar en Ir\u00e1n\u00a0en represalia por los\u00a0ataques con drones del s\u00e1bado pasado. La ofensiva se realiz\u00f3 [&hellip;]<\/p>\n","protected":false},"author":2,"featured_media":3622,"comment_status":"open","ping_status":"open","sticky":false,"template":"","format":"standard","meta":{"footnotes":""},"categories":[30],"tags":[],"_links":{"self":[{"href":"https:\/\/enlamira.info\/index.php\/wp-json\/wp\/v2\/posts\/3619"}],"collection":[{"href":"https:\/\/enlamira.info\/index.php\/wp-json\/wp\/v2\/posts"}],"about":[{"href":"https:\/\/enlamira.info\/index.php\/wp-json\/wp\/v2\/types\/post"}],"author":[{"embeddable":true,"href":"https:\/\/enlamira.info\/index.php\/wp-json\/wp\/v2\/users\/2"}],"replies":[{"embeddable":true,"href":"https:\/\/enlamira.info\/index.php\/wp-json\/wp\/v2\/comments?post=3619"}],"version-history":[{"count":1,"href":"https:\/\/enlamira.info\/index.php\/wp-json\/wp\/v2\/posts\/3619\/revisions"}],"predecessor-version":[{"id":3620,"href":"https:\/\/enlamira.info\/index.php\/wp-json\/wp\/v2\/posts\/3619\/revisions\/3620"}],"wp:featuredmedia":[{"embeddable":true,"href":"https:\/\/enlamira.info\/index.php\/wp-json\/wp\/v2\/media\/3622"}],"wp:attachment":[{"href":"https:\/\/enlamira.info\/index.php\/wp-json\/wp\/v2\/media?parent=3619"}],"wp:term":[{"taxonomy":"category","embeddable":true,"href":"https:\/\/enlamira.info\/index.php\/wp-json\/wp\/v2\/categories?post=3619"},{"taxonomy":"post_tag","embeddable":true,"href":"https:\/\/enlamira.info\/index.php\/wp-json\/wp\/v2\/tags?post=3619"}],"curies":[{"name":"wp","href":"https:\/\/api.w.org\/{rel}","templated":true}]}}