{"id":3616,"date":"2024-04-19T11:42:24","date_gmt":"2024-04-19T14:42:24","guid":{"rendered":"https:\/\/enlamira.info\/?p=3616"},"modified":"2024-04-19T11:49:24","modified_gmt":"2024-04-19T14:49:24","slug":"bullrich-apoyo-la-postulacion-de-lijo-en-la-corte-suprema-es-un-juez-totalmente-expeditivo","status":"publish","type":"post","link":"https:\/\/enlamira.info\/index.php\/2024\/04\/19\/bullrich-apoyo-la-postulacion-de-lijo-en-la-corte-suprema-es-un-juez-totalmente-expeditivo\/","title":{"rendered":"Bullrich apoy\u00f3 la postulaci\u00f3n de Lijo en la Corte Suprema: \u201cEs un juez totalmente expeditivo\u201d"},"content":{"rendered":"\n<p>La ministra de Seguridad se refiri\u00f3 a los cambios en el M\u00e1ximo Tribunal y destac\u00f3 que el Juez \u201cmeti\u00f3 preso a un vicepresidente por primera vez en la historia\u201d.<\/p>\n\n\n\n<p>Mientras se termina de\u00a0definir el juez que ocupar\u00e1 el cargo vacante en la Corte Suprema de Justicia, la ministra de Seguridad,\u00a0Patricia Bullrich, defendi\u00f3 la postulaci\u00f3n de Ariel Lijo\u00a0y tambi\u00e9n se refiri\u00f3 a los\u00a0aumentos de los sueldos de los Senadores.<\/p>\n\n\n\n<p>\u201cYo trabaj\u00e9 mucho con Ariel Lijo\u00a0los primeros cuatro a\u00f1os que trabaj\u00e9 como ministra de seguridad.\u00a0\u00c9l termina metiendo preso por primera vez en la historia a un vicepresidente\u201c, manifest\u00f3 en relaci\u00f3n con el encarcelamiento de Amado Boudou.<\/p>\n\n\n\n<p>En referencia al magistrado, remarc\u00f3 que\u00a0\u201ces un juez totalmente expeditivo, r\u00e1pido\u201d\u00a0y detall\u00f3: \u201cAhora estoy trabajando en muchos casos con \u00e9l. Pido allanamientos contra terroristas y siempre me ha respondido. Es una persona pr\u00e1ctica que resuelve las cosas de acuerdo a la Ley y al Derecho\u201d.<\/p>\n\n\n\n<p>En referencia la\u00a0cr\u00edticas, la ministra coment\u00f3: \u201cLe han hecho una causa y sali\u00f3 liberado. Si vamos a condenar a alguien por su hermano, entonces muchos estar\u00edan en problemas\u201d.<\/p>\n\n\n\n<p>Durante la entrevista en TN,\u00a0 Bullrich tambi\u00e9n opin\u00f3 del\u00a0aumento de los sueldos de senadores\u00a0aprobado ayer por la C\u00e1mara Alta.<\/p>\n\n\n\n<p>\u201cYa sabemos que los jueces ganan m\u00e1s que cualquier diputado o senador, pero el tema es la comprensi\u00f3n del momento que vive la sociedad.\u00a0Si gan\u00e1s dos millones de pesos no pod\u00e9s decir que no te alcanza la plata\u201c, remarc\u00f3.<\/p>\n\n\n\n<p>\u201cEl pa\u00eds nos exige austeridad a todos. Sin dudas estaba mal lo que gana un diputado o senador, pero tambi\u00e9n lo est\u00e1 lo que gana un m\u00e9dico o un docente\u201d, advirti\u00f3.<\/p>\n","protected":false},"excerpt":{"rendered":"<p>La ministra de Seguridad se refiri\u00f3 a los cambios en el M\u00e1ximo Tribunal y destac\u00f3 que el Juez \u201cmeti\u00f3 preso a un vicepresidente por primera vez en la historia\u201d. Mientras se termina de\u00a0definir el juez que ocupar\u00e1 el cargo vacante en la Corte Suprema de Justicia, la ministra de Seguridad,\u00a0Patricia Bullrich, defendi\u00f3 la postulaci\u00f3n de [&hellip;]<\/p>\n","protected":false},"author":2,"featured_media":3618,"comment_status":"open","ping_status":"open","sticky":false,"template":"","format":"standard","meta":{"footnotes":""},"categories":[20],"tags":[],"_links":{"self":[{"href":"https:\/\/enlamira.info\/index.php\/wp-json\/wp\/v2\/posts\/3616"}],"collection":[{"href":"https:\/\/enlamira.info\/index.php\/wp-json\/wp\/v2\/posts"}],"about":[{"href":"https:\/\/enlamira.info\/index.php\/wp-json\/wp\/v2\/types\/post"}],"author":[{"embeddable":true,"href":"https:\/\/enlamira.info\/index.php\/wp-json\/wp\/v2\/users\/2"}],"replies":[{"embeddable":true,"href":"https:\/\/enlamira.info\/index.php\/wp-json\/wp\/v2\/comments?post=3616"}],"version-history":[{"count":1,"href":"https:\/\/enlamira.info\/index.php\/wp-json\/wp\/v2\/posts\/3616\/revisions"}],"predecessor-version":[{"id":3617,"href":"https:\/\/enlamira.info\/index.php\/wp-json\/wp\/v2\/posts\/3616\/revisions\/3617"}],"wp:featuredmedia":[{"embeddable":true,"href":"https:\/\/enlamira.info\/index.php\/wp-json\/wp\/v2\/media\/3618"}],"wp:attachment":[{"href":"https:\/\/enlamira.info\/index.php\/wp-json\/wp\/v2\/media?parent=3616"}],"wp:term":[{"taxonomy":"category","embeddable":true,"href":"https:\/\/enlamira.info\/index.php\/wp-json\/wp\/v2\/categories?post=3616"},{"taxonomy":"post_tag","embeddable":true,"href":"https:\/\/enlamira.info\/index.php\/wp-json\/wp\/v2\/tags?post=3616"}],"curies":[{"name":"wp","href":"https:\/\/api.w.org\/{rel}","templated":true}]}}