{"id":3606,"date":"2024-04-19T11:38:24","date_gmt":"2024-04-19T14:38:24","guid":{"rendered":"https:\/\/enlamira.info\/?p=3606"},"modified":"2024-04-19T11:52:02","modified_gmt":"2024-04-19T14:52:02","slug":"eduardo-serenellini-vuelve-a-ser-ministro-y-con-un-importante-aumento-de-sueldo","status":"publish","type":"post","link":"https:\/\/enlamira.info\/index.php\/2024\/04\/19\/eduardo-serenellini-vuelve-a-ser-ministro-y-con-un-importante-aumento-de-sueldo\/","title":{"rendered":"Eduardo Serenellini vuelve a ser ministro y con un importante aumento de sueldo"},"content":{"rendered":"\n<p>A diez d\u00edas de la pol\u00e9mica que llev\u00f3 a Karina Milei a no ascender al entonces secretario de Prensa y mantenerlo en ese rango, ahora dispuso un importante cambio en el puesto y sueldo del funcionario.<\/p>\n\n\n\n<p>El secretario de Prensa,\u00a0Eduardo\u00a0Serenellini, retom\u00f3 su rango de ministro. Fue a diez d\u00edas despu\u00e9s de que le rebajaran la\u00a0jerarqu\u00eda, cuando se cre\u00f3 la Secretar\u00eda de Planeamiento, y en un marco de distintas gestualidades hacia el interior de la Casa Rosada que buscaron incomodar al experiodista.<\/p>\n\n\n\n<p>La oficializaci\u00f3n se dio a trav\u00e9s del\u00a0Bolet\u00edn\u00a0Oficial. Esta jerarquizaci\u00f3n le otorga adem\u00e1s mayor autonom\u00eda y la posibilidad de contar con un cuerpo m\u00e1s grande de colaboradores.<\/p>\n\n\n\n<p>El 9 de abril, la secretaria general de la Presidencia,\u00a0Karina Milei, le hab\u00eda bajado el rango a\u00a0Serenellini\u00a0en un intento de limarle el poder luego de severos cuestionamientos en el interior de la gesti\u00f3n. No fue el primer gesto de la funcionaria para incitarlo a dar un paso al costado al experiodista, algo que no ocurri\u00f3.<\/p>\n\n\n\n<p>En febrero, el funcionario y periodista hab\u00eda perdido influencia al quedarse sin el \u00e1rea de Comunicaci\u00f3n del Gobierno, que pas\u00f3 a depender del vocero\u00a0Adorni. El movimiento se entendi\u00f3 como resultado de una fuerte interna que ven\u00eda desde hace semanas.<\/p>\n\n\n\n<p>La decisi\u00f3n de este viernes de subirle otra vez la jerarqu\u00eda se plasm\u00f3 en el Decreto 337\/2024. Ah\u00ed desde el Gobierno se\u00f1alaron que resultaba \u201cnecesario\u201d adaptar tanto el rango como la jerarqu\u00eda al secretario de Prensa.<\/p>\n\n\n\n<p>\u201cLas personas a cargo de las secretar\u00edas General, Legal y T\u00e9cnica y de Prensa, dependientes de la presidencia de la Naci\u00f3n, tendr\u00e1n rango y jerarqu\u00eda de ministro\u201d, se\u00f1ala la normativa en el art\u00edculo 10.<\/p>\n\n\n\n<p>Este jueves, mientras, a\u00a0Adorni\u00a0recibi\u00f3 el ostentado aumento. Pas\u00f3 a ser secretario de Estado y por eso adem\u00e1s a percibir un mayor salario.<\/p>\n","protected":false},"excerpt":{"rendered":"<p>A diez d\u00edas de la pol\u00e9mica que llev\u00f3 a Karina Milei a no ascender al entonces secretario de Prensa y mantenerlo en ese rango, ahora dispuso un importante cambio en el puesto y sueldo del funcionario. El secretario de Prensa,\u00a0Eduardo\u00a0Serenellini, retom\u00f3 su rango de ministro. Fue a diez d\u00edas despu\u00e9s de que le rebajaran la\u00a0jerarqu\u00eda, [&hellip;]<\/p>\n","protected":false},"author":2,"featured_media":3608,"comment_status":"open","ping_status":"open","sticky":false,"template":"","format":"standard","meta":{"footnotes":""},"categories":[20],"tags":[],"_links":{"self":[{"href":"https:\/\/enlamira.info\/index.php\/wp-json\/wp\/v2\/posts\/3606"}],"collection":[{"href":"https:\/\/enlamira.info\/index.php\/wp-json\/wp\/v2\/posts"}],"about":[{"href":"https:\/\/enlamira.info\/index.php\/wp-json\/wp\/v2\/types\/post"}],"author":[{"embeddable":true,"href":"https:\/\/enlamira.info\/index.php\/wp-json\/wp\/v2\/users\/2"}],"replies":[{"embeddable":true,"href":"https:\/\/enlamira.info\/index.php\/wp-json\/wp\/v2\/comments?post=3606"}],"version-history":[{"count":1,"href":"https:\/\/enlamira.info\/index.php\/wp-json\/wp\/v2\/posts\/3606\/revisions"}],"predecessor-version":[{"id":3607,"href":"https:\/\/enlamira.info\/index.php\/wp-json\/wp\/v2\/posts\/3606\/revisions\/3607"}],"wp:featuredmedia":[{"embeddable":true,"href":"https:\/\/enlamira.info\/index.php\/wp-json\/wp\/v2\/media\/3608"}],"wp:attachment":[{"href":"https:\/\/enlamira.info\/index.php\/wp-json\/wp\/v2\/media?parent=3606"}],"wp:term":[{"taxonomy":"category","embeddable":true,"href":"https:\/\/enlamira.info\/index.php\/wp-json\/wp\/v2\/categories?post=3606"},{"taxonomy":"post_tag","embeddable":true,"href":"https:\/\/enlamira.info\/index.php\/wp-json\/wp\/v2\/tags?post=3606"}],"curies":[{"name":"wp","href":"https:\/\/api.w.org\/{rel}","templated":true}]}}