{"id":358,"date":"2024-03-05T17:11:48","date_gmt":"2024-03-05T20:11:48","guid":{"rendered":"https:\/\/enlamira.info\/?p=358"},"modified":"2024-03-05T17:29:25","modified_gmt":"2024-03-05T20:29:25","slug":"aysa-pidio-un-aumento-del-209-para-abril-como-quedarian-las-tarifas","status":"publish","type":"post","link":"https:\/\/enlamira.info\/index.php\/2024\/03\/05\/aysa-pidio-un-aumento-del-209-para-abril-como-quedarian-las-tarifas\/","title":{"rendered":"AySA pidi\u00f3 un aumento del 209% para abril: c\u00f3mo quedar\u00edan las tarifas"},"content":{"rendered":"\n<p>Es la propuesta presentada por la empresa estatal y se debatir\u00e1 el pr\u00f3ximo 27 de marzo a audiencia p\u00fablica. Piden que la tarifa de ajuste todos los meses.<\/p>\n\n\n\n<p>En medio de\u00a0varios aumentos, ahora se suma el debate por el precio de las factura del servicio de agua y cloacas.\u00a0AySA\u00a0present\u00f3 una propuesta\u00a0ante la Secretar\u00eda de Obras P\u00fablicas de la Naci\u00f3n y pidi\u00f3 un\u00a0aumento del 209 por ciento para abril.<\/p>\n\n\n\n<p>Adem\u00e1s, se menciona una\u00a0actualizaci\u00f3n mensual desde mayo\u00a0sobre la base de los salarios y la inflaci\u00f3n.<\/p>\n\n\n\n<p>El pedido de la empresa estatal\u00a0ser\u00e1 estudiado el pr\u00f3ximo 27 de mayo\u00a0a las 10 horas, cuando se realice la audiencia p\u00fablica para definir el precio. Para febrero ya\u00a0se hab\u00eda pedido un aumento del 138 por ciento, pero el ministro de Econom\u00eda, Luis Caputo, la rechaz\u00f3.<\/p>\n\n\n\n<h3 class=\"wp-block-heading\">C\u00f3mo quedar\u00edan las tarifas<\/h3>\n\n\n\n<p>En caso de aprobarse, los hogares del\u00a0nivel zonal \u201calto\u201d, pasar\u00edan de pagar\u00a0$6.236 (sin impuestos) a $19.269\u00a0en abril y quienes s\u00f3lo tengan el servicio de agua sin cloaca, el salto ser\u00eda de\u00a0$ 9.962 a $ 30.784.<\/p>\n\n\n\n<p>Los de\u00a0nivel \u201cmedio\u201d\u00a0ver\u00edan un incremento de\u00a0$5.663 a $17.500. En el caso de quienes no cuenten con cloaca ser\u00eda de\u00a0$3.263 a $10.082.<\/p>\n\n\n\n<p>Las facturas de los hogares de\u00a0nivel \u201cbajo\u201d\u00a0pasar\u00edan de\u00a0$4.551 a $14.062.<\/p>\n\n\n\n<p>Por su parte, los\u00a0no residenciales\u00a0(industrias, comercios, edificios, hospitales y colegios) con agua y cloaca deber\u00edan pagar\u00a0$71.386 en lugar de los $23.102\u00a0m\u00e1s impuestos<\/p>\n","protected":false},"excerpt":{"rendered":"<p>Es la propuesta presentada por la empresa estatal y se debatir\u00e1 el pr\u00f3ximo 27 de marzo a audiencia p\u00fablica. Piden que la tarifa de ajuste todos los meses. En medio de\u00a0varios aumentos, ahora se suma el debate por el precio de las factura del servicio de agua y cloacas.\u00a0AySA\u00a0present\u00f3 una propuesta\u00a0ante la Secretar\u00eda de Obras [&hellip;]<\/p>\n","protected":false},"author":2,"featured_media":360,"comment_status":"open","ping_status":"open","sticky":false,"template":"","format":"standard","meta":{"footnotes":""},"categories":[20],"tags":[],"_links":{"self":[{"href":"https:\/\/enlamira.info\/index.php\/wp-json\/wp\/v2\/posts\/358"}],"collection":[{"href":"https:\/\/enlamira.info\/index.php\/wp-json\/wp\/v2\/posts"}],"about":[{"href":"https:\/\/enlamira.info\/index.php\/wp-json\/wp\/v2\/types\/post"}],"author":[{"embeddable":true,"href":"https:\/\/enlamira.info\/index.php\/wp-json\/wp\/v2\/users\/2"}],"replies":[{"embeddable":true,"href":"https:\/\/enlamira.info\/index.php\/wp-json\/wp\/v2\/comments?post=358"}],"version-history":[{"count":2,"href":"https:\/\/enlamira.info\/index.php\/wp-json\/wp\/v2\/posts\/358\/revisions"}],"predecessor-version":[{"id":362,"href":"https:\/\/enlamira.info\/index.php\/wp-json\/wp\/v2\/posts\/358\/revisions\/362"}],"wp:featuredmedia":[{"embeddable":true,"href":"https:\/\/enlamira.info\/index.php\/wp-json\/wp\/v2\/media\/360"}],"wp:attachment":[{"href":"https:\/\/enlamira.info\/index.php\/wp-json\/wp\/v2\/media?parent=358"}],"wp:term":[{"taxonomy":"category","embeddable":true,"href":"https:\/\/enlamira.info\/index.php\/wp-json\/wp\/v2\/categories?post=358"},{"taxonomy":"post_tag","embeddable":true,"href":"https:\/\/enlamira.info\/index.php\/wp-json\/wp\/v2\/tags?post=358"}],"curies":[{"name":"wp","href":"https:\/\/api.w.org\/{rel}","templated":true}]}}