{"id":3568,"date":"2024-04-18T11:38:53","date_gmt":"2024-04-18T14:38:53","guid":{"rendered":"https:\/\/enlamira.info\/?p=3568"},"modified":"2024-04-18T11:46:50","modified_gmt":"2024-04-18T14:46:50","slug":"ate-convoco-un-nuevo-paro-nacional-para-el-30-de-abril","status":"publish","type":"post","link":"https:\/\/enlamira.info\/index.php\/2024\/04\/18\/ate-convoco-un-nuevo-paro-nacional-para-el-30-de-abril\/","title":{"rendered":"ATE convoc\u00f3 un nuevo paro nacional para el 30 de abril"},"content":{"rendered":"\n<p>El gremio de estatales anunci\u00f3 una nueva medida de fuerza en protesta contra el programa econ\u00f3mico del Gobierno y los despidos en el Estado.<\/p>\n\n\n\n<p>A poco m\u00e1s de 10 d\u00edas de la \u00faltima huelga general, la\u00a0Asociaci\u00f3n de Trabajadores del Estado (ATE)\u00a0anunci\u00f3 un nuevo\u00a0paro nacional para el pr\u00f3ximo 30 de abril\u00a0en protesta contra el plan de ajuste y el programa econ\u00f3mico del gobierno de Javier Milei.\u00a0<\/p>\n\n\n\n<p>La medida fue comunicada por los referentes sindicales luego de un plenario realizado en la sede nacional del gremio, donde se vot\u00f3 mayoritariamente a favor de la huelga.<\/p>\n\n\n\n<p>Entre las causas que motivaron esta decisi\u00f3n se encuentran los despidos de trabajadores del Estado y la renovaci\u00f3n de contratos por solo 90 d\u00edas, lo cual fue se\u00f1alado como una \u201cre-precarizaci\u00f3n\u201d por parte de los sindicalistas.<\/p>\n\n\n\n<p>Mediante sus redes sociales,\u00a0Rodolfo Aguiar, secretario General de ATE Nacional, explic\u00f3 en detalle las razones por las cuales se decidi\u00f3 llevar adelante la medida de fuerza. Adem\u00e1s, enfatiz\u00f3 que los sindicatos tienen que ser la verdadera oposici\u00f3n del Gobierno.<\/p>\n\n\n\n<p>\u201cEl programa econ\u00f3mico que impulsan nos est\u00e1 destruyendo a todos. No solo est\u00e1 dejando en la calle a miles de trabajadores y destrozando los salarios de los estatales y jubilados, sino que se est\u00e1n deteriorando de manera grave las condiciones de vida de todo el pueblo\u201d, escribi\u00f3 el dirigente en su cuenta de X.<\/p>\n\n\n\n<p>Y agreg\u00f3:\u00a0\u201cLa decisi\u00f3n de renovar los contratos nuevamente solo por 90 d\u00edas se traduce en una re-precarizaci\u00f3n de todos los trabajadores\u201d. En particular, esta determinaci\u00f3n fue oficializada en el Bolet\u00edn Oficial al comienzo de la gesti\u00f3n libertaria.\u00a0<\/p>\n\n\n\n<p>En la publicaci\u00f3n oficial, se especific\u00f3 que si se opta por renovar la contrataci\u00f3n de los \u00faltimos incorporados a cualquier organismo p\u00fablico, se \u201cdeber\u00e1 fundar la decisi\u00f3n demostrando la necesidad\u201d de mantener a ese trabajador y su v\u00ednculo laboral no podr\u00e1 extenderse \u201cpor un periodo mayor a noventa (90) d\u00edas corridos\u201d.<\/p>\n\n\n\n<p>Aguiar, hacia el final de su comunicado, tambi\u00e9n envi\u00f3 un\u00a0mensaje\u00a0a los mandatarios provinciales y municipales y les pidi\u00f3 que tomen cartas en el asunto.\u00a0\u201cLos gobernadores e intendentes se tienen que despertar.\u00a0Est\u00e1n jodiendo a todas las provincias y municipios. En este momento en la Argentina enfrentamos una coparticipaci\u00f3n de las p\u00e9rdidas y una nacionalizaci\u00f3n de las ganancias. Se caen las ventas y se caen entonces todos los impuestos coparticipables, mientras que un gravamen nacional como es el Impuesto Pa\u00eds es el \u00fanico que mostr\u00f3 un crecimiento de m\u00e1s del 300% interanual\u201d, se\u00f1al\u00f3 el referente de ATE.<\/p>\n\n\n\n<p>La \u00faltima\u00a0huelga nacional de ATE\u00a0fue el pasado 5 de abril, pero en los \u00faltimos d\u00edas han realizado varios piquetes en la ciudad de Buenos Aires y movilizaciones en rechazo a los despidos y al cierre de delegaciones de Anses en distintos puntos del pa\u00eds.<\/p>\n\n\n\n<p>Seg\u00fan ATE, hasta principios de abril se han producido alrededor de 11 mil despidos en todos los organismos p\u00fablicos; mientras que el Gobierno sostiene que la cifra es mayor, cercana a los 15 mil trabajadores.&nbsp;La situaci\u00f3n de los despidos se agrav\u00f3 en marzo, cuando se concret\u00f3 un recorte de personal masivo en el sector p\u00fablico.<\/p>\n","protected":false},"excerpt":{"rendered":"<p>El gremio de estatales anunci\u00f3 una nueva medida de fuerza en protesta contra el programa econ\u00f3mico del Gobierno y los despidos en el Estado. A poco m\u00e1s de 10 d\u00edas de la \u00faltima huelga general, la\u00a0Asociaci\u00f3n de Trabajadores del Estado (ATE)\u00a0anunci\u00f3 un nuevo\u00a0paro nacional para el pr\u00f3ximo 30 de abril\u00a0en protesta contra el plan de [&hellip;]<\/p>\n","protected":false},"author":2,"featured_media":3570,"comment_status":"open","ping_status":"open","sticky":false,"template":"","format":"standard","meta":{"footnotes":""},"categories":[34],"tags":[],"_links":{"self":[{"href":"https:\/\/enlamira.info\/index.php\/wp-json\/wp\/v2\/posts\/3568"}],"collection":[{"href":"https:\/\/enlamira.info\/index.php\/wp-json\/wp\/v2\/posts"}],"about":[{"href":"https:\/\/enlamira.info\/index.php\/wp-json\/wp\/v2\/types\/post"}],"author":[{"embeddable":true,"href":"https:\/\/enlamira.info\/index.php\/wp-json\/wp\/v2\/users\/2"}],"replies":[{"embeddable":true,"href":"https:\/\/enlamira.info\/index.php\/wp-json\/wp\/v2\/comments?post=3568"}],"version-history":[{"count":1,"href":"https:\/\/enlamira.info\/index.php\/wp-json\/wp\/v2\/posts\/3568\/revisions"}],"predecessor-version":[{"id":3569,"href":"https:\/\/enlamira.info\/index.php\/wp-json\/wp\/v2\/posts\/3568\/revisions\/3569"}],"wp:featuredmedia":[{"embeddable":true,"href":"https:\/\/enlamira.info\/index.php\/wp-json\/wp\/v2\/media\/3570"}],"wp:attachment":[{"href":"https:\/\/enlamira.info\/index.php\/wp-json\/wp\/v2\/media?parent=3568"}],"wp:term":[{"taxonomy":"category","embeddable":true,"href":"https:\/\/enlamira.info\/index.php\/wp-json\/wp\/v2\/categories?post=3568"},{"taxonomy":"post_tag","embeddable":true,"href":"https:\/\/enlamira.info\/index.php\/wp-json\/wp\/v2\/tags?post=3568"}],"curies":[{"name":"wp","href":"https:\/\/api.w.org\/{rel}","templated":true}]}}