{"id":3549,"date":"2024-04-18T11:33:17","date_gmt":"2024-04-18T14:33:17","guid":{"rendered":"https:\/\/enlamira.info\/?p=3549"},"modified":"2024-04-18T11:53:43","modified_gmt":"2024-04-18T14:53:43","slug":"el-gobierno-solicito-a-la-otan-que-la-argentina-sea-considerada-como-socio-global","status":"publish","type":"post","link":"https:\/\/enlamira.info\/index.php\/2024\/04\/18\/el-gobierno-solicito-a-la-otan-que-la-argentina-sea-considerada-como-socio-global\/","title":{"rendered":"El Gobierno solicit\u00f3 a la OTAN que la Argentina sea considerada como \u201csocio global\u201d"},"content":{"rendered":"\n<p>Lo confirm\u00f3 el ministro de Defensa, Luis Petri, quien se reuni\u00f3 en Brusela con el n\u00famero dos de la organizaci\u00f3n, Mircea Geoana.<\/p>\n\n\n\n<p>Por pedido del presidente\u00a0Javier Milei, el ministro de Defensa,\u00a0Luis Petri, solicit\u00f3 este jueves que la Argentina sea inclu\u00edda como \u201csocio global\u201d de la\u00a0OTAN.<\/p>\n\n\n\n<p>El funcionario, quien se encuentra de gira por Europa,\u00a0se reuni\u00f3 en Bruselas, B\u00e9lgica, sede de la Organizaci\u00f3n del Tratado del Atl\u00e1ntico Norte, con el secretario general adjunto,\u00a0Mircea Geoana.<\/p>\n\n\n\n<p>Seg\u00fan trascendi\u00f3, durante el encuentro,\u00a0Petri destac\u00f3 ante la OTAN\u00a0la decisi\u00f3n tomada por el nuevo Gobierno a pocos d\u00edas de asumir de\u00a0dar marcha atr\u00e1s el ingreso al bloque de los BRICS, integrado por Brasil, Rusia, India, China y Sud\u00e1frica, medida que habr\u00eda sido\u00a0bien ponderada por el organismo.<\/p>\n\n\n\n<p>En sus redes sociales, el funcionario dio detalles de la reuni\u00f3n y cont\u00f3: \u201cMe reun\u00ed con Mircea Geoana, Secretario General Adjunto de la OTAN.\u00a0Le present\u00e9 la carta de intenci\u00f3n que expresa la solicitud de Argentina en convertirse en un socio global de esta organizaci\u00f3n\u201c.<\/p>\n\n\n\n<p>\u201cSeguiremos trabajando en\u00a0recuperar v\u00ednculos que permitan modernizar y capacitar a nuestras fuerzas al est\u00e1ndar de la OTAN\u201c, agreg\u00f3.<\/p>\n\n\n\n<h3 class=\"wp-block-heading\">Qu\u00e9 otros \u201csocios globales\u201d tiene la OTAN<\/h3>\n\n\n\n<p>La OTAN es una alianza militar que tiene un sistema de defensa colectiva en la que se representan los intereses geopol\u00edticos de las potencias occidentales. Fue\u00a0creada en 1949\u00a0y actualmente cuenta con\u00a031 miembros.<\/p>\n\n\n\n<p>Adem\u00e1s, cuenta con\u00a09 aliados a los que se los llama \u201csocios globales\u201d\u00a0que son los siguientes: Afganist\u00e1n, Australia, Irak, Jap\u00f3n, la Rep\u00fablica de Corea, Mongolia, Nueva Zelanda, Pakist\u00e1n y Colombia, el \u00fanico pa\u00eds de la regi\u00f3n que logr\u00f3 ese estatus en 2018 tras cinco a\u00f1os de gestiones.<\/p>\n","protected":false},"excerpt":{"rendered":"<p>Lo confirm\u00f3 el ministro de Defensa, Luis Petri, quien se reuni\u00f3 en Brusela con el n\u00famero dos de la organizaci\u00f3n, Mircea Geoana. Por pedido del presidente\u00a0Javier Milei, el ministro de Defensa,\u00a0Luis Petri, solicit\u00f3 este jueves que la Argentina sea inclu\u00edda como \u201csocio global\u201d de la\u00a0OTAN. El funcionario, quien se encuentra de gira por Europa,\u00a0se reuni\u00f3 [&hellip;]<\/p>\n","protected":false},"author":2,"featured_media":3553,"comment_status":"open","ping_status":"open","sticky":false,"template":"","format":"standard","meta":{"footnotes":""},"categories":[20],"tags":[],"_links":{"self":[{"href":"https:\/\/enlamira.info\/index.php\/wp-json\/wp\/v2\/posts\/3549"}],"collection":[{"href":"https:\/\/enlamira.info\/index.php\/wp-json\/wp\/v2\/posts"}],"about":[{"href":"https:\/\/enlamira.info\/index.php\/wp-json\/wp\/v2\/types\/post"}],"author":[{"embeddable":true,"href":"https:\/\/enlamira.info\/index.php\/wp-json\/wp\/v2\/users\/2"}],"replies":[{"embeddable":true,"href":"https:\/\/enlamira.info\/index.php\/wp-json\/wp\/v2\/comments?post=3549"}],"version-history":[{"count":1,"href":"https:\/\/enlamira.info\/index.php\/wp-json\/wp\/v2\/posts\/3549\/revisions"}],"predecessor-version":[{"id":3551,"href":"https:\/\/enlamira.info\/index.php\/wp-json\/wp\/v2\/posts\/3549\/revisions\/3551"}],"wp:featuredmedia":[{"embeddable":true,"href":"https:\/\/enlamira.info\/index.php\/wp-json\/wp\/v2\/media\/3553"}],"wp:attachment":[{"href":"https:\/\/enlamira.info\/index.php\/wp-json\/wp\/v2\/media?parent=3549"}],"wp:term":[{"taxonomy":"category","embeddable":true,"href":"https:\/\/enlamira.info\/index.php\/wp-json\/wp\/v2\/categories?post=3549"},{"taxonomy":"post_tag","embeddable":true,"href":"https:\/\/enlamira.info\/index.php\/wp-json\/wp\/v2\/tags?post=3549"}],"curies":[{"name":"wp","href":"https:\/\/api.w.org\/{rel}","templated":true}]}}