{"id":3546,"date":"2024-04-18T11:32:04","date_gmt":"2024-04-18T14:32:04","guid":{"rendered":"https:\/\/enlamira.info\/?p=3546"},"modified":"2024-04-18T11:54:33","modified_gmt":"2024-04-18T14:54:33","slug":"milei-denuncio-que-miembros-de-ate-intentaron-entrar-por-la-fuerza-a-oficinas-del-estado","status":"publish","type":"post","link":"https:\/\/enlamira.info\/index.php\/2024\/04\/18\/milei-denuncio-que-miembros-de-ate-intentaron-entrar-por-la-fuerza-a-oficinas-del-estado\/","title":{"rendered":"Milei denunci\u00f3 que miembros de ATE intentaron entrar por la fuerza a oficinas del Estado"},"content":{"rendered":"\n<p>El Presidente comparti\u00f3 im\u00e1genes de un grupo que habr\u00eda intentado entrar a la Secretar\u00eda de Ni\u00f1ez y Familia. \u201cAs\u00ed enfrent\u00e1s a corruptos, termos y puristas imb\u00e9ciles\u201d, sostuvo.<\/p>\n\n\n\n<p>Mientras la\u00a0Asociaci\u00f3n Trabajadores del Estado (ATE) convoc\u00f3 a un nuevo paro nacional\u00a0para el pr\u00f3ximo 30 de abril, el presidente\u00a0Javier Milei\u00a0carg\u00f3 contra miembros del gremio\u00a0y comparti\u00f3 im\u00e1genes del supuesto momento en que\u00a0quisieron entrar a las oficinas de la Secretar\u00eda de Ni\u00f1ez y Familia.<\/p>\n\n\n\n<p>\u201cEsto es la vida real. Estas son el tipo de cosas que hay que enfrentar cuando busc\u00e1s barrer con un sistema corrupto\u201d, sostuvo el mandatario en un posteo en su cuenta de X que acompa\u00f1\u00f3 con im\u00e1genes compartidas por un periodista.<\/p>\n\n\n\n<p>\u201cY despu\u00e9s vienen a medir liberalismo en sangre desconociendo el 80% de las restricciones de la vida real\u2026\u00a0As\u00ed enfrent\u00e1s a corruptos, termos y puristas imb\u00e9ciles\u201c, agreg\u00f3 Milei.<\/p>\n\n\n\n<p>Junto a la denuncia, comparti\u00f3 una publicaci\u00f3n del periodista\u00a0Manu Jove, quien denunci\u00f3: \u201cMomentos de\u00a0mucha tensi\u00f3n\u00a0se vivieron hoy en el edificio de la\u00a0Secretar\u00eda de Ni\u00f1ez y Familia con un acampe de ATE en los pasillos\u201c.<\/p>\n\n\n\n<p>\u201cFuncionarias y trabajadoras hablan de\u00a0\u201cpatotas sindicales\u201d\u00a0y cuentan que intentaron\u00a0entrar a la fuerza a despachos y oficinas en las que estaban\u201c, agreg\u00f3.<\/p>\n\n\n\n<p><\/p>\n","protected":false},"excerpt":{"rendered":"<p>El Presidente comparti\u00f3 im\u00e1genes de un grupo que habr\u00eda intentado entrar a la Secretar\u00eda de Ni\u00f1ez y Familia. \u201cAs\u00ed enfrent\u00e1s a corruptos, termos y puristas imb\u00e9ciles\u201d, sostuvo. Mientras la\u00a0Asociaci\u00f3n Trabajadores del Estado (ATE) convoc\u00f3 a un nuevo paro nacional\u00a0para el pr\u00f3ximo 30 de abril, el presidente\u00a0Javier Milei\u00a0carg\u00f3 contra miembros del gremio\u00a0y comparti\u00f3 im\u00e1genes del supuesto [&hellip;]<\/p>\n","protected":false},"author":2,"featured_media":3548,"comment_status":"open","ping_status":"open","sticky":false,"template":"","format":"standard","meta":{"footnotes":""},"categories":[20],"tags":[],"_links":{"self":[{"href":"https:\/\/enlamira.info\/index.php\/wp-json\/wp\/v2\/posts\/3546"}],"collection":[{"href":"https:\/\/enlamira.info\/index.php\/wp-json\/wp\/v2\/posts"}],"about":[{"href":"https:\/\/enlamira.info\/index.php\/wp-json\/wp\/v2\/types\/post"}],"author":[{"embeddable":true,"href":"https:\/\/enlamira.info\/index.php\/wp-json\/wp\/v2\/users\/2"}],"replies":[{"embeddable":true,"href":"https:\/\/enlamira.info\/index.php\/wp-json\/wp\/v2\/comments?post=3546"}],"version-history":[{"count":1,"href":"https:\/\/enlamira.info\/index.php\/wp-json\/wp\/v2\/posts\/3546\/revisions"}],"predecessor-version":[{"id":3547,"href":"https:\/\/enlamira.info\/index.php\/wp-json\/wp\/v2\/posts\/3546\/revisions\/3547"}],"wp:featuredmedia":[{"embeddable":true,"href":"https:\/\/enlamira.info\/index.php\/wp-json\/wp\/v2\/media\/3548"}],"wp:attachment":[{"href":"https:\/\/enlamira.info\/index.php\/wp-json\/wp\/v2\/media?parent=3546"}],"wp:term":[{"taxonomy":"category","embeddable":true,"href":"https:\/\/enlamira.info\/index.php\/wp-json\/wp\/v2\/categories?post=3546"},{"taxonomy":"post_tag","embeddable":true,"href":"https:\/\/enlamira.info\/index.php\/wp-json\/wp\/v2\/tags?post=3546"}],"curies":[{"name":"wp","href":"https:\/\/api.w.org\/{rel}","templated":true}]}}