{"id":3542,"date":"2024-04-18T11:30:17","date_gmt":"2024-04-18T14:30:17","guid":{"rendered":"https:\/\/enlamira.info\/?p=3542"},"modified":"2024-04-18T11:55:22","modified_gmt":"2024-04-18T14:55:22","slug":"la-directora-del-fmi-evaluo-el-plan-de-milei-la-inflacion-esta-bajando-mas-rapido-de-lo-esperado","status":"publish","type":"post","link":"https:\/\/enlamira.info\/index.php\/2024\/04\/18\/la-directora-del-fmi-evaluo-el-plan-de-milei-la-inflacion-esta-bajando-mas-rapido-de-lo-esperado\/","title":{"rendered":"La directora del FMI evalu\u00f3 el plan de Milei: \u201cLa inflaci\u00f3n est\u00e1 bajando m\u00e1s r\u00e1pido de lo esperado\u201d"},"content":{"rendered":"\n<p>Fue durante la tradicional conferencia de prensa de las Reuniones de Primavera del FMI, horas antes de la reuni\u00f3n que encabezar\u00e1 Luis Caputo con el staff del organismo Internacional.<\/p>\n\n\n\n<p>Previo a la reuni\u00f3n que protagonizar\u00e1 el ministro de Econom\u00eda,\u00a0Luis\u00a0Caputo\u00a0con el staff del\u00a0Fondo\u00a0Monetario Internacional, su directora gerente\u00a0Kristalina\u00a0Georgieva\u00a0calific\u00f3 el programa de ajuste de la Argentina durante la tradicional conferencia de prensa que ofrece en las Sesiones de Primavera del FMI.<\/p>\n\n\n\n<p>\u201cMire a la Argentina, un pa\u00eds que ha sido durante mucho tiempo percibido como un rezagado desde el punto de vista de las reformas, ahora se est\u00e1 moviendo muy r\u00e1pidamente hacia el endurecimiento del gasto fiscal, conseguir la capacidad de la inversi\u00f3n privada para encontrar un mejor rendimiento. La inflaci\u00f3n en Argentina est\u00e1 bajando un poco m\u00e1s r\u00e1pido de lo que esper\u00e1bamos inicialmente\u201d, apunt\u00f3\u00a0Georgieva.<\/p>\n\n\n\n<p>La evaluaci\u00f3n p\u00fablica de la directora gerente contrasta con las \u00faltimas declaraciones de su Staff en Buenos Aires, adonde se cuestion\u00f3 la calidad del ajuste econ\u00f3mico dise\u00f1ado por\u00a0Luis Caputo. Las declaraciones que hizo hoy Georgieva permiten vislumbrar un camino de negociaci\u00f3n hacia un nuevo programa con el FMI.<\/p>\n\n\n\n<h3 class=\"wp-block-heading\">Caputo en Washington<\/h3>\n\n\n\n<p>Durante su viaje a la capital d Estados Unidos, el ministro de Econom\u00eda,\u00a0Luis Caputo, particip\u00f3 de una\u00a0asamblea privada organizada por el banco\u00a0J.P. Morgan.<\/p>\n\n\n\n<p>Seg\u00fan se inform\u00f3, de la misma participaron\u00a0400 personas entre inversores, banqueros y analistas financieros. El jefe del Palacio de Hacienda estuvo acompa\u00f1ado del secretario de Finanzas,\u00a0Pablo Quirno.<\/p>\n\n\n\n<p>En la reuni\u00f3n, Caputo asegur\u00f3 que la\u00a0inflaci\u00f3n seguir\u00e1 bajando y reafirm\u00f3 las intensiones del Gobierno de levantar el cepo al d\u00f3lar, pero que no se puede hacer por el momento debido al nivel actual de reservas a menos que se reciba un inyecci\u00f3n de dinero.<\/p>\n\n\n\n<p>\u201cLa herencia que recibimos fue incluso peor de lo que esper\u00e1bamos. No, no hay dudas. No puedo decirles el nivel de las cosas que presenciamos. Una vez que llegamos al poder, es realmente dif\u00edcil de creer. Es dif\u00edcil decirlo sin hacernos sentir mal a todos. Pero la realidad es que\u00a0casi todo el mundo esperaba que ocurriera una crisis. Cuando dije que me iba a unir al Presidente, todos me dijeron, no seas el primero, porque el primero seguro es el que tambi\u00e9n se quema\u201d, sostuvo el economista elegido por Javier Milei para comandar.<\/p>\n","protected":false},"excerpt":{"rendered":"<p>Fue durante la tradicional conferencia de prensa de las Reuniones de Primavera del FMI, horas antes de la reuni\u00f3n que encabezar\u00e1 Luis Caputo con el staff del organismo Internacional. Previo a la reuni\u00f3n que protagonizar\u00e1 el ministro de Econom\u00eda,\u00a0Luis\u00a0Caputo\u00a0con el staff del\u00a0Fondo\u00a0Monetario Internacional, su directora gerente\u00a0Kristalina\u00a0Georgieva\u00a0calific\u00f3 el programa de ajuste de la Argentina durante la [&hellip;]<\/p>\n","protected":false},"author":2,"featured_media":3545,"comment_status":"open","ping_status":"open","sticky":false,"template":"","format":"standard","meta":{"footnotes":""},"categories":[20],"tags":[],"_links":{"self":[{"href":"https:\/\/enlamira.info\/index.php\/wp-json\/wp\/v2\/posts\/3542"}],"collection":[{"href":"https:\/\/enlamira.info\/index.php\/wp-json\/wp\/v2\/posts"}],"about":[{"href":"https:\/\/enlamira.info\/index.php\/wp-json\/wp\/v2\/types\/post"}],"author":[{"embeddable":true,"href":"https:\/\/enlamira.info\/index.php\/wp-json\/wp\/v2\/users\/2"}],"replies":[{"embeddable":true,"href":"https:\/\/enlamira.info\/index.php\/wp-json\/wp\/v2\/comments?post=3542"}],"version-history":[{"count":1,"href":"https:\/\/enlamira.info\/index.php\/wp-json\/wp\/v2\/posts\/3542\/revisions"}],"predecessor-version":[{"id":3543,"href":"https:\/\/enlamira.info\/index.php\/wp-json\/wp\/v2\/posts\/3542\/revisions\/3543"}],"wp:featuredmedia":[{"embeddable":true,"href":"https:\/\/enlamira.info\/index.php\/wp-json\/wp\/v2\/media\/3545"}],"wp:attachment":[{"href":"https:\/\/enlamira.info\/index.php\/wp-json\/wp\/v2\/media?parent=3542"}],"wp:term":[{"taxonomy":"category","embeddable":true,"href":"https:\/\/enlamira.info\/index.php\/wp-json\/wp\/v2\/categories?post=3542"},{"taxonomy":"post_tag","embeddable":true,"href":"https:\/\/enlamira.info\/index.php\/wp-json\/wp\/v2\/tags?post=3542"}],"curies":[{"name":"wp","href":"https:\/\/api.w.org\/{rel}","templated":true}]}}