{"id":352,"date":"2024-03-05T17:10:06","date_gmt":"2024-03-05T20:10:06","guid":{"rendered":"https:\/\/enlamira.info\/?p=352"},"modified":"2024-03-05T17:30:41","modified_gmt":"2024-03-05T20:30:41","slug":"larreta-contraataco-se-opuso-a-que-macri-presida-el-pro-y-apunto-contra-bullrich-abandono-los-valores","status":"publish","type":"post","link":"https:\/\/enlamira.info\/index.php\/2024\/03\/05\/larreta-contraataco-se-opuso-a-que-macri-presida-el-pro-y-apunto-contra-bullrich-abandono-los-valores\/","title":{"rendered":"Larreta contraatac\u00f3, se opuso a que Macri presida el PRO y apunt\u00f3 contra Bullrich: \u201cAbandon\u00f3 los valores\u201d"},"content":{"rendered":"\n<p>El ex jefe de Gobierno porte\u00f1o respondi\u00f3 tras las cr\u00edticas que recibi\u00f3 y afirm\u00f3: \u201cEstoy en contra de entregarle el Pro a Milei porque tenemos valores diferentes\u201d.<\/p>\n\n\n\n<p>A pocos d\u00edas de la\u00a0renovaci\u00f3n de autoridades en el PRO, el exjefe de Gobierno porte\u00f1o,\u00a0Horacio Rodr\u00edguez Larreta, volvi\u00f3 al ring pol\u00edtico con\u00a0duras cr\u00edticas\u00a0para con la actual presidenta del partido y funcionaria del Gobierno,\u00a0Patricia Bullrich, y se opuso a que fundador del espacio,\u00a0Mauricio Macri, lo vuelva a dirigir.<\/p>\n\n\n\n<p>\u201cPatricia Bullrich abandon\u00f3 los valores originales de Pro\u00a0desde el momento que entr\u00f3 a un Gobierno que agrede\u201d, sostuvo Larreta, quien remarc\u00f3 que estar\u00a0\u201cen contra de entregarle el Pro a Milei porque tenemos valores diferentes\u201d.<\/p>\n\n\n\n<p>\u201cHace 20 a\u00f1os creamos, porque yo he sido parte de la creaci\u00f3n en su momento,\u00a0un partido que valoraba la experiencia pol\u00edtica, gente que ya ven\u00eda con trayectoria, un partido que valoraba la diversidad, con gente que pensaba diferente, un partido que valoraba y que\u00a0respetaba siempre las distintas voces\u201c, a\u00f1adi\u00f3 luego de ser se\u00f1alado por Bullrich como alguien que se \u201cva a quedar en una soledad pol\u00edtica muy grande\u201d<\/p>\n\n\n\n<p>Y sostuvo: \u201cEl Pro tiene que ser una oposici\u00f3n responsable, apoyar todas esas cosas con las que coincidimos, se\u00f1alar las diferencias y proponer mejoras\u201d.<\/p>\n\n\n\n<p>En referencia a la\u00a0posibilidad de que Mauricio Macri dirija el espacio, volvi\u00f3 a reiterar: \u201cYo no voy a ser parte de entregarle el Pro a Milei\u201d, para luego remarcar: \u201cCreo que\u00a0el Pro necesita una renovaci\u00f3n, que hay gente joven para impulsar un cambio, pero con los valores originarios de hace 20 a\u00f1os\u201d:<\/p>\n\n\n\n<p>En medio de la disputa intrapartidaria, Larreta se refiri\u00f3 al ofrecimiento de\u00a0Bullrich de otorgarle la jefatura de Gabinete. \u201cNo fue hace una vida, fue hace tres meses que me ofreci\u00f3 el cargo m\u00e1s importante del gobierno. Con lo cual,\u00a0es medio contradictorio que ahora salga a pegarme as\u00ed. Yo no voy a profundizar la agresi\u00f3n\u201d.<\/p>\n","protected":false},"excerpt":{"rendered":"<p>El ex jefe de Gobierno porte\u00f1o respondi\u00f3 tras las cr\u00edticas que recibi\u00f3 y afirm\u00f3: \u201cEstoy en contra de entregarle el Pro a Milei porque tenemos valores diferentes\u201d. A pocos d\u00edas de la\u00a0renovaci\u00f3n de autoridades en el PRO, el exjefe de Gobierno porte\u00f1o,\u00a0Horacio Rodr\u00edguez Larreta, volvi\u00f3 al ring pol\u00edtico con\u00a0duras cr\u00edticas\u00a0para con la actual presidenta del [&hellip;]<\/p>\n","protected":false},"author":2,"featured_media":354,"comment_status":"open","ping_status":"open","sticky":false,"template":"","format":"standard","meta":{"footnotes":""},"categories":[20],"tags":[],"_links":{"self":[{"href":"https:\/\/enlamira.info\/index.php\/wp-json\/wp\/v2\/posts\/352"}],"collection":[{"href":"https:\/\/enlamira.info\/index.php\/wp-json\/wp\/v2\/posts"}],"about":[{"href":"https:\/\/enlamira.info\/index.php\/wp-json\/wp\/v2\/types\/post"}],"author":[{"embeddable":true,"href":"https:\/\/enlamira.info\/index.php\/wp-json\/wp\/v2\/users\/2"}],"replies":[{"embeddable":true,"href":"https:\/\/enlamira.info\/index.php\/wp-json\/wp\/v2\/comments?post=352"}],"version-history":[{"count":3,"href":"https:\/\/enlamira.info\/index.php\/wp-json\/wp\/v2\/posts\/352\/revisions"}],"predecessor-version":[{"id":357,"href":"https:\/\/enlamira.info\/index.php\/wp-json\/wp\/v2\/posts\/352\/revisions\/357"}],"wp:featuredmedia":[{"embeddable":true,"href":"https:\/\/enlamira.info\/index.php\/wp-json\/wp\/v2\/media\/354"}],"wp:attachment":[{"href":"https:\/\/enlamira.info\/index.php\/wp-json\/wp\/v2\/media?parent=352"}],"wp:term":[{"taxonomy":"category","embeddable":true,"href":"https:\/\/enlamira.info\/index.php\/wp-json\/wp\/v2\/categories?post=352"},{"taxonomy":"post_tag","embeddable":true,"href":"https:\/\/enlamira.info\/index.php\/wp-json\/wp\/v2\/tags?post=352"}],"curies":[{"name":"wp","href":"https:\/\/api.w.org\/{rel}","templated":true}]}}