{"id":3490,"date":"2024-04-17T11:45:05","date_gmt":"2024-04-17T14:45:05","guid":{"rendered":"https:\/\/enlamira.info\/?p=3490"},"modified":"2024-04-17T11:55:21","modified_gmt":"2024-04-17T14:55:21","slug":"el-congreso-de-estados-unidos-respaldo-el-fallo-argentino-por-el-atentado-a-la-amia","status":"publish","type":"post","link":"https:\/\/enlamira.info\/index.php\/2024\/04\/17\/el-congreso-de-estados-unidos-respaldo-el-fallo-argentino-por-el-atentado-a-la-amia\/","title":{"rendered":"El Congreso de Estados Unidos respald\u00f3 el fallo argentino por el atentado a la AMIA"},"content":{"rendered":"\n<p>Los presidentes de comit\u00e9s de Relaciones Exteriores en el Congreso de EE. UU. elogiaron \u201cel enorme coraje de los jueces\u201d tras responsabilizar a Ir\u00e1n por los ataques terroristas.<\/p>\n\n\n\n<p>El\u00a0Congreso de\u00a0Estados Unidos\u00a0expres\u00f3 su respaldo al fallo de la justicia argentina que\u00a0responsabiliz\u00f3 a Ir\u00e1n y Hezbollah\u00a0por los atentados a la AMIA y la Embajada de Israel.\u00a0<\/p>\n\n\n\n<p>Los presidentes de los comit\u00e9s de Relaciones Exteriores de la C\u00e1mara de Representantes y del Senado, Michael McCaul y Ben Cardin respectivamente,\u00a0destacaron \u201cel enorme coraje de los jueces\u201d argentinos por llevar a cabo este proceso.<\/p>\n\n\n\n<p>El pasado 11 de abril, la C\u00e1mara Federal de Casaci\u00f3n Penal de Argentina sentenci\u00f3 que los ataques contra la embajada de Israel en 1992 y la AMIA en 1994 \u201crespondieron a un designio pol\u00edtico y estrat\u00e9gico\u201d de la Rep\u00fablica Isl\u00e1mica de Ir\u00e1n y ambos fueron ejecutados por la organizaci\u00f3n terrorista Hezbollah.&nbsp;<\/p>\n\n\n\n<p>En respuesta a este fallo, el Congreso de Estados Unidos emiti\u00f3 un comunicado expresando su apoyo. \u201cEl viernes, el tribunal superior penal de Argentina hall\u00f3 a Ir\u00e1n responsable de ordenar los atentados terroristas de 1992 y 1994 contra la Embajada de Israel y la AMIA. Elogiamos el enorme coraje de los fiscales y jueces argentinos que trabajaron para brindar transparencia a las v\u00edctimas\u201d, indicaron.<\/p>\n\n\n\n<p>Y completaron:\u00a0\u201cEstados Unidos debe apoyar a quienes buscan justicia y los crecientes esfuerzos por acosarlos\u201d.<\/p>\n\n\n\n<p>A poco de cumplirse 30 a\u00f1os del atentado, el fallo de\u00a0Casaci\u00f3n\u00a0tambi\u00e9n estableci\u00f3 que\u00a0los ataques constituyen cr\u00edmenes de \u201clesa humanidad\u201d, permitiendo a la Argentina presentar una demanda formal contra Ir\u00e1n.\u00a0<\/p>\n\n\n\n<p>En tanto, el juez Carlos Mahiques plane\u00f3 que dicho reclamo puede ser realizado por v\u00eda diplom\u00e1tica por medio de un tribunal arbitral o incluso por medio de la Corte Internacional de Justicia, es decir, el principal \u00f3rgano judicial de las Naciones Unidas.<\/p>\n\n\n\n<p>De hecho, en di\u00e1logo con&nbsp;<em>Infobae,&nbsp;<\/em>fuentes judiciales informaron&nbsp;que la sentencia \u2013dictada por los jueces Carlos Mahiques, Diego Barroetave\u00f1a y Angela Ledesma\u2013, incluye una definici\u00f3n sobre el derecho a la verdad de las v\u00edctimas y sus familiares, y la posibilidad de que demanden a los responsables, entre ellos, al Estado Isl\u00e1mico de Ir\u00e1n.<\/p>\n\n\n\n<p>En esta l\u00ednea, Casaci\u00f3n remarc\u00f3 que\u00a0el atentado tiene car\u00e1cter de delito terrorista internacional yihadista, el cual fue organizado, planificado, financiado y ejecutado por integrantes de organizaciones que reportan org\u00e1nica, funcional e ideol\u00f3gicamente a un Estado\u00a0(como es el caso de Hezbollah).<\/p>\n\n\n\n<p>Aparte de determinar la responsabilidad sobre los atentados a la Embajada de Israel y a la&nbsp;<a href=\"https:\/\/www.nexofin.com\/notas\/1140842-caso-amia-desde-el-kirchnerismo-volvieron-a-afirmar-que-nisman-se-suicido-n-\/\" target=\"_blank\" rel=\"noreferrer noopener\">AMIA<\/a>, la sentencia tambi\u00e9n defini\u00f3 una fuerte exhortaci\u00f3n a los jueces a cargo de las causas conexas que todav\u00eda contin\u00faan en tr\u00e1mite.&nbsp;<\/p>\n\n\n\n<p>Asimismo, se plante\u00f3 que los poderes ejecutivo y legislativo definan a la brevedad pol\u00edticas p\u00fablicas en relaci\u00f3n a la instauraci\u00f3n del proceso en ausencia, la creaci\u00f3n de agencias federales de investigaci\u00f3n para delitos complejos como el terrorismo, la modernizaci\u00f3n y dotaci\u00f3n de mayores recursos en el proceso de sistematizaci\u00f3n y conocimiento de la documentaci\u00f3n de inteligencia que fue desclasificada.<\/p>\n\n\n\n<p>En el marco de la\u00a0revisi\u00f3n de la absoluci\u00f3n del primer detenido en la causa, Carlos Telleld\u00edn, se ratific\u00f3 la decisi\u00f3n de que la camioneta que vendi\u00f3 no fue la que se us\u00f3 como \u201ccoche- bomba\u201d debido a que no se cuentan con pruebas suficientes que lo vinculen.<\/p>\n\n\n\n<p>Por otra parte, se llev\u00f3 a cabo un fallo paralelo donde se revis\u00f3 el expediente ante algunas irregularidades. As\u00ed, Casaci\u00f3n confirm\u00f3 la mayor\u00eda de las condenas pero modific\u00f3 las penas de algunos casos. Este fue el caso del ex juez Galeano, quien qued\u00f3 condenado a cuatro a\u00f1os; mientras que la sentencia para los ex fiscales Eamon M\u00fcllen y Jos\u00e9 Barbaccia qued\u00f3 en dos a\u00f1os de prisi\u00f3n.<\/p>\n","protected":false},"excerpt":{"rendered":"<p>Los presidentes de comit\u00e9s de Relaciones Exteriores en el Congreso de EE. UU. elogiaron \u201cel enorme coraje de los jueces\u201d tras responsabilizar a Ir\u00e1n por los ataques terroristas. El\u00a0Congreso de\u00a0Estados Unidos\u00a0expres\u00f3 su respaldo al fallo de la justicia argentina que\u00a0responsabiliz\u00f3 a Ir\u00e1n y Hezbollah\u00a0por los atentados a la AMIA y la Embajada de Israel.\u00a0 Los [&hellip;]<\/p>\n","protected":false},"author":2,"featured_media":3492,"comment_status":"open","ping_status":"open","sticky":false,"template":"","format":"standard","meta":{"footnotes":""},"categories":[20],"tags":[],"_links":{"self":[{"href":"https:\/\/enlamira.info\/index.php\/wp-json\/wp\/v2\/posts\/3490"}],"collection":[{"href":"https:\/\/enlamira.info\/index.php\/wp-json\/wp\/v2\/posts"}],"about":[{"href":"https:\/\/enlamira.info\/index.php\/wp-json\/wp\/v2\/types\/post"}],"author":[{"embeddable":true,"href":"https:\/\/enlamira.info\/index.php\/wp-json\/wp\/v2\/users\/2"}],"replies":[{"embeddable":true,"href":"https:\/\/enlamira.info\/index.php\/wp-json\/wp\/v2\/comments?post=3490"}],"version-history":[{"count":1,"href":"https:\/\/enlamira.info\/index.php\/wp-json\/wp\/v2\/posts\/3490\/revisions"}],"predecessor-version":[{"id":3491,"href":"https:\/\/enlamira.info\/index.php\/wp-json\/wp\/v2\/posts\/3490\/revisions\/3491"}],"wp:featuredmedia":[{"embeddable":true,"href":"https:\/\/enlamira.info\/index.php\/wp-json\/wp\/v2\/media\/3492"}],"wp:attachment":[{"href":"https:\/\/enlamira.info\/index.php\/wp-json\/wp\/v2\/media?parent=3490"}],"wp:term":[{"taxonomy":"category","embeddable":true,"href":"https:\/\/enlamira.info\/index.php\/wp-json\/wp\/v2\/categories?post=3490"},{"taxonomy":"post_tag","embeddable":true,"href":"https:\/\/enlamira.info\/index.php\/wp-json\/wp\/v2\/tags?post=3490"}],"curies":[{"name":"wp","href":"https:\/\/api.w.org\/{rel}","templated":true}]}}