{"id":3485,"date":"2024-04-17T11:43:14","date_gmt":"2024-04-17T14:43:14","guid":{"rendered":"https:\/\/enlamira.info\/?p=3485"},"modified":"2024-04-17T11:57:03","modified_gmt":"2024-04-17T14:57:03","slug":"guillermo-moreno-cruzo-a-gustavo-sylvestre-cuando-fui-funcionario-te-compraste-la-casa","status":"publish","type":"post","link":"https:\/\/enlamira.info\/index.php\/2024\/04\/17\/guillermo-moreno-cruzo-a-gustavo-sylvestre-cuando-fui-funcionario-te-compraste-la-casa\/","title":{"rendered":"Guillermo Moreno cruz\u00f3 a Gustavo Sylvestre: \u201cCuando fui funcionario, te compraste la casa\u201d"},"content":{"rendered":"\n<p>En plena discusi\u00f3n por el presente y futuro del peronismo el exsecretario de Comercio apunt\u00f3 contra el periodista de C5N.<\/p>\n\n\n\n<p>Una\u00a0acalorada discusi\u00f3n\u00a0se vivi\u00f3 en el canal C5N cuando el exsecretario de Comercio K durante el kirchnerismo,\u00a0Guillermo Moreno, y el periodista\u00a0Gustavo Sylvestre\u00a0cuestionaban el\u00a0actual momento que atraviesa el peronismo.<\/p>\n\n\n\n<p>En medio de la crisis que atraviesa el espacio pol\u00edtico\u00a0tras la derrota en las elecciones presidencias y el triunfo de\u00a0Javier Milei, el periodista apur\u00f3 a Moreno: \u201cCuando muchos durante el macrismo estaban escondidos debajo de la cama -no s\u00e9 donde estabas vos-\u00a0hice mucho m\u00e1s que varios dirigentes pol\u00edticos. Entonces no jodas, te lo digo en serio, no jodas\u2026\u201d.<\/p>\n\n\n\n<p>\u201cEl d\u00eda que Cristina Kirchner eligi\u00f3 a Alberto Fern\u00e1ndez, yo dije que era el peor\u201d, record\u00f3 Moreno, quien es se\u00f1alado por muchos dentro del espacio como quien est\u00e1 intentando ocupar un liderazgo que no es aceptado del todo.<\/p>\n\n\n\n<p>\u201cNosotros no somos dirigentes\u201d, respondi\u00f3 Sylvestre y lanz\u00f3: \u201cYo no fui funcionario nunca. Podr\u00eda ser mucho mejor que cualquiera de los que est\u00e1n ac\u00e1 ahora\u201d.<\/p>\n\n\n\n<p>Fue entonces, cuando Moreno chicane\u00f3 duro al periodista:\u00a0\u201cCuando yo fui funcionario, vos te compraste la casa, as\u00ed que no me digas nada\u201d.<\/p>\n\n\n\n<p>\u201cLa casa me la compr\u00e9 en el a\u00f1o 1997\u201d, contest\u00f3 Sylvestre para ser retrucado:\u00a0\u201cLa chiquita, \u00bfy la grande cu\u00e1ndo?\u201d.<\/p>\n\n\n\n<p>\u201cCon el peron\u00f3metro est\u00e1s ech\u00e1ndole la culpa a todo el mundo,\u00a0te cre\u00e9s que sos el n\u00famero uno. Par\u00e1\u2026 La autocr\u00edtica se la tienen que hacer todos\u201d, contest\u00f3 Sylvestre, a quien Moreno, exaltado, le pidi\u00f3 que haga una autocr\u00edtica.<\/p>\n\n\n\n<p>\u201cNo pod\u00e9s pasar por la vida insultando a todo el mundo\u201d, arremeti\u00f3 el Sylvestre.<\/p>\n\n\n\n<p>\u201cYo no insulto a nadie\u201d, contest\u00f3 Moreno.<\/p>\n\n\n\n<p>\u201cInsult\u00e1s a Kicillof, que es el \u00fanico ganador del peronismo\u201d, remat\u00f3 Sylvestre.<\/p>\n\n\n\n<figure class=\"wp-block-embed is-type-rich is-provider-twitter wp-block-embed-twitter\"><div class=\"wp-block-embed__wrapper\">\n<blockquote class=\"twitter-tweet\" data-width=\"550\" data-dnt=\"true\"><p lang=\"es\" dir=\"ltr\">Entre los sillazos que volaron en C5N con Moreno, el alfonsinista Gatito Sylvestre admiti\u00f3 que SE COMPR\u00d3 LA CASA CON MENEM (ni con N\u00e9stor, ni con CFK ni con Alberto)<br><br>AH PERO EL NEOLIBERALISMO \u270c\ufe0f<br><br>No m\u00e1s preguntas se\u00f1or juez. <a href=\"https:\/\/t.co\/mBJTFLtHvi\">pic.twitter.com\/mBJTFLtHvi<\/a><\/p>&mdash; Agarra la Pala (@agarra_pala) <a href=\"https:\/\/twitter.com\/agarra_pala\/status\/1780468172174287054?ref_src=twsrc%5Etfw\">April 17, 2024<\/a><\/blockquote><script async src=\"https:\/\/platform.twitter.com\/widgets.js\" charset=\"utf-8\"><\/script>\n<\/div><\/figure>\n","protected":false},"excerpt":{"rendered":"<p>En plena discusi\u00f3n por el presente y futuro del peronismo el exsecretario de Comercio apunt\u00f3 contra el periodista de C5N. Una\u00a0acalorada discusi\u00f3n\u00a0se vivi\u00f3 en el canal C5N cuando el exsecretario de Comercio K durante el kirchnerismo,\u00a0Guillermo Moreno, y el periodista\u00a0Gustavo Sylvestre\u00a0cuestionaban el\u00a0actual momento que atraviesa el peronismo. En medio de la crisis que atraviesa el [&hellip;]<\/p>\n","protected":false},"author":2,"featured_media":3489,"comment_status":"open","ping_status":"open","sticky":false,"template":"","format":"standard","meta":{"footnotes":""},"categories":[20],"tags":[],"_links":{"self":[{"href":"https:\/\/enlamira.info\/index.php\/wp-json\/wp\/v2\/posts\/3485"}],"collection":[{"href":"https:\/\/enlamira.info\/index.php\/wp-json\/wp\/v2\/posts"}],"about":[{"href":"https:\/\/enlamira.info\/index.php\/wp-json\/wp\/v2\/types\/post"}],"author":[{"embeddable":true,"href":"https:\/\/enlamira.info\/index.php\/wp-json\/wp\/v2\/users\/2"}],"replies":[{"embeddable":true,"href":"https:\/\/enlamira.info\/index.php\/wp-json\/wp\/v2\/comments?post=3485"}],"version-history":[{"count":2,"href":"https:\/\/enlamira.info\/index.php\/wp-json\/wp\/v2\/posts\/3485\/revisions"}],"predecessor-version":[{"id":3488,"href":"https:\/\/enlamira.info\/index.php\/wp-json\/wp\/v2\/posts\/3485\/revisions\/3488"}],"wp:featuredmedia":[{"embeddable":true,"href":"https:\/\/enlamira.info\/index.php\/wp-json\/wp\/v2\/media\/3489"}],"wp:attachment":[{"href":"https:\/\/enlamira.info\/index.php\/wp-json\/wp\/v2\/media?parent=3485"}],"wp:term":[{"taxonomy":"category","embeddable":true,"href":"https:\/\/enlamira.info\/index.php\/wp-json\/wp\/v2\/categories?post=3485"},{"taxonomy":"post_tag","embeddable":true,"href":"https:\/\/enlamira.info\/index.php\/wp-json\/wp\/v2\/tags?post=3485"}],"curies":[{"name":"wp","href":"https:\/\/api.w.org\/{rel}","templated":true}]}}