{"id":3482,"date":"2024-04-17T11:42:09","date_gmt":"2024-04-17T14:42:09","guid":{"rendered":"https:\/\/enlamira.info\/?p=3482"},"modified":"2024-04-17T11:57:46","modified_gmt":"2024-04-17T14:57:46","slug":"belocopitt-cruzo-a-milei-lo-que-hace-el-gobierno-es-tirar-un-balde-de-mierda-para-que-algo-quede","status":"publish","type":"post","link":"https:\/\/enlamira.info\/index.php\/2024\/04\/17\/belocopitt-cruzo-a-milei-lo-que-hace-el-gobierno-es-tirar-un-balde-de-mierda-para-que-algo-quede\/","title":{"rendered":"Belocopitt cruz\u00f3 a Milei: \u201cLo que hace el Gobierno es tirar un balde de mierda para que algo quede\u201d"},"content":{"rendered":"\n<p>Tras su renuncia a la c\u00e1mara de las prepagas, el empresario y due\u00f1o de Swiss Medical cruz\u00f3 al Gobierno por las acusaciones de cartelizaci\u00f3n del sector.<\/p>\n\n\n\n<p>Luego de que\u00a0el sector de la Salud sea se\u00f1alado por el Gobierno de Javier Milei como un cartel\u00a0por el aumento de las cuotas de la medicina prepaga, el titular de Swiss Medical,\u00a0Claudio Belocopitt renunci\u00f3 a la c\u00e1mara\u00a0que aglutina a las empresas del sector y\u00a0le respondi\u00f3 duro al oficialismo.<\/p>\n\n\n\n<p>\u201cCreo que lo mejor para resolver el problema es la b\u00fasqueda de consensos.\u00a0Si se creen que yo soy el responsable, el autor intelectual, la soluci\u00f3n es\u00a0que la c\u00e1mara quede liberada de manos y pueda actuar sin el peso de mi presencia\u201c, sostuvo el empresario.<\/p>\n\n\n\n<p>Y apunt\u00f3:\u00a0\u201c\u00bfSe nos fue la mano a nosotros o a la inflaci\u00f3n?\u201d.<\/p>\n\n\n\n<p>Fue entonces cuando record\u00f3 que\u00a0el Estado regula hace \u201c18 a\u00f1os\u201d los precios\u00a0de la medicina prepaga y dispar\u00f3:\u00a0\u201cLo que hace el Gobierno es tirar un balde de mierda para que algo quede\u201d<\/p>\n\n\n\n<p>\u201cMe gusta cuando hablan de que la salud es un oligopolio. Y yo les pregunto,\u00a0\u00bfHay alg\u00fan sector de la econom\u00eda que tenga tantos actores como el de la salud?\u201c, a\u00f1adi\u00f3.<\/p>\n\n\n\n<p>\u201c\u00bfPor qu\u00e9 no miramos todos los otros sectores de la econom\u00eda? En esos sectores, pasa lo mismo que ocurre ac\u00e1. En materia de combustible,\u00a0si Shell sube los precios, a los cinco minutos YPF hace lo mismo. Un escenario similar ocurre con la leche. Si vamos a la industria del neum\u00e1tico, que tiene como principal insumo al caucho, y sube el valor de este \u00faltimo, cuando uno va a ver el incremento de las cubiertas, vas a entender que el aumento tiene franjas similares\u201d, ejemplific\u00f3.<\/p>\n\n\n\n<p>En referencia a las\u00a0acusaciones de Milei, quien lleg\u00f3 a citar un posteo en la red social X en el que se acusaba al empresario de\u00a0\u201cgarca\u201d, Belocoppit respondi\u00f3: \u201cEst\u00e1 claro que lo hacen porque yo he sido la cara visible de este sector\u201d.<\/p>\n\n\n\n<p>\u201cEs triste que el Presidente diga esto sobre un tipo que invierte hace m\u00e1s de 30 a\u00f1os en la Argentina. A lo largo de la Argentina, en la Capital Federal y provincia de Buenos Aires, hay empresas muy importantes que aumentaron como Swiss Medical\u201d, agreg\u00f3.<\/p>\n\n\n\n<p>Respecto de los aumentos y su judicializaci\u00f3n, sostuvo: \u201cNosotros lo vamos a enfrentar. Nosotros actuamos correctamente.\u00a0Entiendo que la cuota es una cosa super costosa para la gente, pero se tambi\u00e9n que si nosotros no ponemos los valores en lo que tiene que ser, es mentir. Nosotros tenemos que mostrar la realidad. Y para cambiar esa realidad, hay infinidad de caminos. Milei podr\u00eda haber definido, como hizo en educaci\u00f3n, dar vouchers para ayudar a la gente a afrontar los pagos de las cuotas de salud. \u00bfPor qu\u00e9 no?<\/p>\n","protected":false},"excerpt":{"rendered":"<p>Tras su renuncia a la c\u00e1mara de las prepagas, el empresario y due\u00f1o de Swiss Medical cruz\u00f3 al Gobierno por las acusaciones de cartelizaci\u00f3n del sector. Luego de que\u00a0el sector de la Salud sea se\u00f1alado por el Gobierno de Javier Milei como un cartel\u00a0por el aumento de las cuotas de la medicina prepaga, el titular [&hellip;]<\/p>\n","protected":false},"author":2,"featured_media":3484,"comment_status":"open","ping_status":"open","sticky":false,"template":"","format":"standard","meta":{"footnotes":""},"categories":[1,20],"tags":[],"_links":{"self":[{"href":"https:\/\/enlamira.info\/index.php\/wp-json\/wp\/v2\/posts\/3482"}],"collection":[{"href":"https:\/\/enlamira.info\/index.php\/wp-json\/wp\/v2\/posts"}],"about":[{"href":"https:\/\/enlamira.info\/index.php\/wp-json\/wp\/v2\/types\/post"}],"author":[{"embeddable":true,"href":"https:\/\/enlamira.info\/index.php\/wp-json\/wp\/v2\/users\/2"}],"replies":[{"embeddable":true,"href":"https:\/\/enlamira.info\/index.php\/wp-json\/wp\/v2\/comments?post=3482"}],"version-history":[{"count":1,"href":"https:\/\/enlamira.info\/index.php\/wp-json\/wp\/v2\/posts\/3482\/revisions"}],"predecessor-version":[{"id":3483,"href":"https:\/\/enlamira.info\/index.php\/wp-json\/wp\/v2\/posts\/3482\/revisions\/3483"}],"wp:featuredmedia":[{"embeddable":true,"href":"https:\/\/enlamira.info\/index.php\/wp-json\/wp\/v2\/media\/3484"}],"wp:attachment":[{"href":"https:\/\/enlamira.info\/index.php\/wp-json\/wp\/v2\/media?parent=3482"}],"wp:term":[{"taxonomy":"category","embeddable":true,"href":"https:\/\/enlamira.info\/index.php\/wp-json\/wp\/v2\/categories?post=3482"},{"taxonomy":"post_tag","embeddable":true,"href":"https:\/\/enlamira.info\/index.php\/wp-json\/wp\/v2\/tags?post=3482"}],"curies":[{"name":"wp","href":"https:\/\/api.w.org\/{rel}","templated":true}]}}