{"id":3477,"date":"2024-04-17T11:39:54","date_gmt":"2024-04-17T14:39:54","guid":{"rendered":"https:\/\/enlamira.info\/?p=3477"},"modified":"2024-04-17T12:00:01","modified_gmt":"2024-04-17T15:00:01","slug":"chile-y-bolivia-negaron-presencia-de-fuerzas-iranies-y-apuntaron-a-bullrich","status":"publish","type":"post","link":"https:\/\/enlamira.info\/index.php\/2024\/04\/17\/chile-y-bolivia-negaron-presencia-de-fuerzas-iranies-y-apuntaron-a-bullrich\/","title":{"rendered":"Chile y Bolivia negaron presencia de fuerzas iran\u00edes y apuntaron a Bullrich"},"content":{"rendered":"\n<p>Los pa\u00edses lim\u00edtrofes respondieron a las declaraciones de la ministra de Seguridad sobre posibles focos terroristas de Ir\u00e1n.<\/p>\n\n\n\n<p>Tras el\u00a0conflicto entre Israel e Ir\u00e1n, la ministra de Seguridad,\u00a0Patricia Bullrich, advirti\u00f3 sobre\u00a0posibles c\u00e9lulas terroristas en las fronteras argentinas\u00a0y los Gobierno de\u00a0Chile y Bolivia respondieron.<\/p>\n\n\n\n<p>En relaci\u00f3n a Bolivia, Bullrich record\u00f3 el\u00a0memor\u00e1ndum firmado por Bolivia e Ir\u00e1n\u00a0y coment\u00f3 que este \u201cha permitido la instalaci\u00f3n de\u00a0700 miembros de iran\u00edes en Bolivia, que nosotros consideramos que son miembros de la guardia Quds\u201d. \u201cTambi\u00e9n se ha visto presencia en Iquique, en el norte de Chile\u201d, agreg\u00f3.<\/p>\n\n\n\n<p>Ante las declaraciones el primero que sali\u00f3 a responder fue el presidente de Chile,\u00a0Gabriel Boric, quien anunci\u00f3 que\u00a0enviar\u00e1 una nota en respuesta\u00a0a las acusaciones.<\/p>\n\n\n\n<p>\u201cYo\u00a0exijo respeto para con nuestro pa\u00eds. Vamos a hacer llegar una nota de protesta mediante Canciller\u00eda.\u00a0La ministra de Seguridad del Gobierno de Argentina afirm\u00f3 que un grupo terrorista, llamado Hezboll\u00e1h, estar\u00eda con presencia en el norte de Chile y otros pa\u00edses de la regi\u00f3n.\u00a0Yo le exijo a la ministra Bullrich que si tiene antecedentes que los entregue, y que colabore, pero que no entregue antecedentes a la r\u00e1pida sin probar absolutamente nada\u201d, sostuvo el mandatario.<\/p>\n\n\n\n<p>Por su parte,\u00a0desde Bolivia negaron la presencia de fuerzas iran\u00edes\u00a0y emitieron un comunicado en el que afirman: \u201cEstas acusaciones carecen de evidencia o documentaci\u00f3n y se realizan sin fundamento alguno\u201d.<\/p>\n\n\n\n<p>\u201cDesmentimos y\u00a0rechazamos enf\u00e1ticamente que Bolivia proteja en sus fronteras a personas que siembren el terror, la inseguridad y la zozobra\u201d, agregaron.<\/p>\n\n\n\n<p>En el comunicaron sostuvieron que ven \u201ccon preocupaci\u00f3n una campa\u00f1a que busca generar confrontaciones entre Estados, gobiernos y pueblos latinoamericanos\u201d.<\/p>\n","protected":false},"excerpt":{"rendered":"<p>Los pa\u00edses lim\u00edtrofes respondieron a las declaraciones de la ministra de Seguridad sobre posibles focos terroristas de Ir\u00e1n. Tras el\u00a0conflicto entre Israel e Ir\u00e1n, la ministra de Seguridad,\u00a0Patricia Bullrich, advirti\u00f3 sobre\u00a0posibles c\u00e9lulas terroristas en las fronteras argentinas\u00a0y los Gobierno de\u00a0Chile y Bolivia respondieron. En relaci\u00f3n a Bolivia, Bullrich record\u00f3 el\u00a0memor\u00e1ndum firmado por Bolivia e Ir\u00e1n\u00a0y [&hellip;]<\/p>\n","protected":false},"author":2,"featured_media":3508,"comment_status":"open","ping_status":"open","sticky":false,"template":"","format":"standard","meta":{"footnotes":""},"categories":[20],"tags":[],"_links":{"self":[{"href":"https:\/\/enlamira.info\/index.php\/wp-json\/wp\/v2\/posts\/3477"}],"collection":[{"href":"https:\/\/enlamira.info\/index.php\/wp-json\/wp\/v2\/posts"}],"about":[{"href":"https:\/\/enlamira.info\/index.php\/wp-json\/wp\/v2\/types\/post"}],"author":[{"embeddable":true,"href":"https:\/\/enlamira.info\/index.php\/wp-json\/wp\/v2\/users\/2"}],"replies":[{"embeddable":true,"href":"https:\/\/enlamira.info\/index.php\/wp-json\/wp\/v2\/comments?post=3477"}],"version-history":[{"count":1,"href":"https:\/\/enlamira.info\/index.php\/wp-json\/wp\/v2\/posts\/3477\/revisions"}],"predecessor-version":[{"id":3478,"href":"https:\/\/enlamira.info\/index.php\/wp-json\/wp\/v2\/posts\/3477\/revisions\/3478"}],"wp:featuredmedia":[{"embeddable":true,"href":"https:\/\/enlamira.info\/index.php\/wp-json\/wp\/v2\/media\/3508"}],"wp:attachment":[{"href":"https:\/\/enlamira.info\/index.php\/wp-json\/wp\/v2\/media?parent=3477"}],"wp:term":[{"taxonomy":"category","embeddable":true,"href":"https:\/\/enlamira.info\/index.php\/wp-json\/wp\/v2\/categories?post=3477"},{"taxonomy":"post_tag","embeddable":true,"href":"https:\/\/enlamira.info\/index.php\/wp-json\/wp\/v2\/tags?post=3477"}],"curies":[{"name":"wp","href":"https:\/\/api.w.org\/{rel}","templated":true}]}}