{"id":3473,"date":"2024-04-17T11:38:50","date_gmt":"2024-04-17T14:38:50","guid":{"rendered":"https:\/\/enlamira.info\/?p=3473"},"modified":"2024-04-17T12:01:11","modified_gmt":"2024-04-17T15:01:11","slug":"milei-fue-seleccionado-por-la-revista-time-entre-las-100-personas-mas-influyentes-de-2024","status":"publish","type":"post","link":"https:\/\/enlamira.info\/index.php\/2024\/04\/17\/milei-fue-seleccionado-por-la-revista-time-entre-las-100-personas-mas-influyentes-de-2024\/","title":{"rendered":"Milei fue seleccionado por la revista Time entre las 100 personas m\u00e1s influyentes de 2024"},"content":{"rendered":"\n<p>El mandatario argentino es parte del listado de \u201cl\u00edderes mundiales\u201d que confecciona la prestigiosa revista y en el que tambi\u00e9n aparece Yulia Navalnaya, viuda del disidente ruso Alexei Navalny.<\/p>\n\n\n\n<p>En las \u00faltimas horas,&nbsp;la&nbsp;revista Time&nbsp;public\u00f3 el listado de las 100 personas m\u00e1s influyentes&nbsp;del mundo y el presidente&nbsp;Javier Milei&nbsp;fue incluido entre varios nombres.<\/p>\n\n\n\n<p>En la edici\u00f3n, tambi\u00e9n figura&nbsp;Yulia Navalnaya, viuda del disidente ruso&nbsp;Alexei Navalny, quien&nbsp;falleci\u00f3 principios de este a\u00f1o&nbsp;y cuya muerte gener\u00f3 sospechas sobre el gobierno de Vladimir Putin.<\/p>\n\n\n\n<p>En la rese\u00f1a escrita por la periodista&nbsp;Vera Bergengruen, se advierte que&nbsp;Milei se convirti\u00f3 \u201cen un \u00edcono mundial para la derecha\u201d.<\/p>\n\n\n\n<p>\u201cAunque es demasiado pronto para saber si las medidas del nuevo Presidente tendr\u00e1n \u00e9xito, est\u00e1 claro que ha acertado en una cosa:&nbsp;con Milei en el poder, Argentina no tendr\u00e1 vuelta atr\u00e1s\u201c, sostiene el art\u00edculo.<\/p>\n\n\n\n<p>Adem\u00e1s del mandatario argentino y Navalnaya, se encuentra&nbsp;la ganadora del Premio Nobel de la Paz 2023,&nbsp;Narges Mohammadi; el primer ministro de Polonia,&nbsp;Donald Tusk; el vicepresidente de China,&nbsp;William Lai; el gobernador de Texas,&nbsp;Greg Abbott; la ministra de Medio Ambiente de Brasil,&nbsp;Marina Silva&nbsp;y el director de la CIA,&nbsp;William Burns.<\/p>\n\n\n\n<h3 class=\"wp-block-heading\">La rese\u00f1a completa de Time sobre Javier Milei<\/h3>\n\n\n\n<p>\u201cJavier Milei, un profesor de econom\u00eda libertario y radical y antiguo comentarista de televisi\u00f3n con escasa experiencia de gobierno, gan\u00f3 la presidencia de Argentina con una victoria aplastante en noviembre, prometiendo sacar al pa\u00eds del borde del colapso econ\u00f3mico. Su victoria conmocion\u00f3 a los encuestadores y puso de manifiesto la desesperaci\u00f3n de 46 millones de argentinos paralizados por una inflaci\u00f3n de tres d\u00edgitos y una tasa de pobreza del 40%. \u201cNo hay vuelta atr\u00e1s\u201d, dijo el autodenominado \u201canarcocapitalista\u201d a sus partidarios tras su victoria. \u201cLa situaci\u00f3n de Argentina es cr\u00edtica\u201d\u201d.<\/p>\n\n\n\n<p>\u201cMilei, de 53 a\u00f1os, no ha perdido el tiempo. Advirtiendo a los argentinos que se preparen para el dolor, se embarc\u00f3 en una campa\u00f1a de \u201cterapia de choque\u201d con cientos de medidas de austeridad: supresi\u00f3n de 70.000 puestos de trabajo estatales, recorte de las ayudas federales, reducci\u00f3n a la mitad del n\u00famero de ministerios y devaluaci\u00f3n del peso. Decenas de miles de manifestantes salieron a la calle. Al mismo tiempo, las diatribas cargadas de blasfemias de Milei contra los \u201csocialistas\u201d occidentales -y los \u201ctraidores\u201d que le desaf\u00edan en la legislatura argentina- le han convertido en un icono mundial para la derecha. Aunque es demasiado pronto para saber si las medidas del nuevo Presidente tendr\u00e1n \u00e9xito, est\u00e1 claro que ha acertado en una cosa: con Milei en el poder, Argentina no tendr\u00e1 vuelta atr\u00e1s\u201d.<\/p>\n\n\n\n<h3 class=\"wp-block-heading\">La reacci\u00f3n de Milei tras enterarse de la noticia<\/h3>\n\n\n\n<p>Luego de conocida su inclusi\u00f3n en el listado de l\u00edderes mundiales, el mandatario reaccion\u00f3 en sus redes sociales con su ya cl\u00e1sica iron\u00eda \u201cFen\u00f3meno barrial\u201d y la frase \u201cViva la libertad, carajo\u201d.<\/p>\n","protected":false},"excerpt":{"rendered":"<p>El mandatario argentino es parte del listado de \u201cl\u00edderes mundiales\u201d que confecciona la prestigiosa revista y en el que tambi\u00e9n aparece Yulia Navalnaya, viuda del disidente ruso Alexei Navalny. En las \u00faltimas horas,&nbsp;la&nbsp;revista Time&nbsp;public\u00f3 el listado de las 100 personas m\u00e1s influyentes&nbsp;del mundo y el presidente&nbsp;Javier Milei&nbsp;fue incluido entre varios nombres. En la edici\u00f3n, tambi\u00e9n [&hellip;]<\/p>\n","protected":false},"author":2,"featured_media":3476,"comment_status":"open","ping_status":"open","sticky":false,"template":"","format":"standard","meta":{"footnotes":""},"categories":[20],"tags":[],"_links":{"self":[{"href":"https:\/\/enlamira.info\/index.php\/wp-json\/wp\/v2\/posts\/3473"}],"collection":[{"href":"https:\/\/enlamira.info\/index.php\/wp-json\/wp\/v2\/posts"}],"about":[{"href":"https:\/\/enlamira.info\/index.php\/wp-json\/wp\/v2\/types\/post"}],"author":[{"embeddable":true,"href":"https:\/\/enlamira.info\/index.php\/wp-json\/wp\/v2\/users\/2"}],"replies":[{"embeddable":true,"href":"https:\/\/enlamira.info\/index.php\/wp-json\/wp\/v2\/comments?post=3473"}],"version-history":[{"count":2,"href":"https:\/\/enlamira.info\/index.php\/wp-json\/wp\/v2\/posts\/3473\/revisions"}],"predecessor-version":[{"id":3509,"href":"https:\/\/enlamira.info\/index.php\/wp-json\/wp\/v2\/posts\/3473\/revisions\/3509"}],"wp:featuredmedia":[{"embeddable":true,"href":"https:\/\/enlamira.info\/index.php\/wp-json\/wp\/v2\/media\/3476"}],"wp:attachment":[{"href":"https:\/\/enlamira.info\/index.php\/wp-json\/wp\/v2\/media?parent=3473"}],"wp:term":[{"taxonomy":"category","embeddable":true,"href":"https:\/\/enlamira.info\/index.php\/wp-json\/wp\/v2\/categories?post=3473"},{"taxonomy":"post_tag","embeddable":true,"href":"https:\/\/enlamira.info\/index.php\/wp-json\/wp\/v2\/tags?post=3473"}],"curies":[{"name":"wp","href":"https:\/\/api.w.org\/{rel}","templated":true}]}}