{"id":3467,"date":"2024-04-17T11:35:23","date_gmt":"2024-04-17T14:35:23","guid":{"rendered":"https:\/\/enlamira.info\/?p=3467"},"modified":"2024-04-17T12:03:14","modified_gmt":"2024-04-17T15:03:14","slug":"de-paul-en-champions-de-su-cruce-con-emre-can-al-dolor-por-la-eliminacion-del-atletico-de-madrid","status":"publish","type":"post","link":"https:\/\/enlamira.info\/index.php\/2024\/04\/17\/de-paul-en-champions-de-su-cruce-con-emre-can-al-dolor-por-la-eliminacion-del-atletico-de-madrid\/","title":{"rendered":"De Paul en Champions: de su cruce con Emre Can al dolor por la eliminaci\u00f3n del Atl\u00e9tico de Madrid"},"content":{"rendered":"\n<p>El equipo del Cholo Simeone no pudo aguantar la ventaja en el global de la ida.<\/p>\n\n\n\n<p>Atl\u00e9tico de Madrid fue eliminado de la Champions League\u00a0este martes ante el Borussia Dortmund y\u00a0Rodrigo De Paul fue uno de los protagonistas\u00a0de la serie.<\/p>\n\n\n\n<p>La llave del argentino: de hacer un\u00a0gol en la ida en Madrid,\u00a0pasar por un picante cruce en el medio con Emre Can y la desilusi\u00f3n del final en Alemania.<\/p>\n\n\n\n<p>De Paul fue uno de los jugadores del\u00a0<em>Colchonero<\/em>\u00a0que hablaron con la prensa:\u00a0\u201cEstamos muy dolidos.\u00a0Creo que\u00a0hab\u00edamos hecho lo m\u00e1s dif\u00edcil que eran dos goles. No supimos cuidar el resultado, fuimos poco inteligentes\u00a0me parece\u201d.<\/p>\n\n\n\n<p><em>El Motorcito<\/em>\u00a0se mostr\u00f3 muy dolido por la oportunidad perdida y no haber podido aguantar la ventaja en el global: \u201cHacer cuatro goles en cuartos de final no es poco, pero no pudimos mantener lo que hab\u00edamos conseguido. El problema estuvo en no saber mantener esos dos goles que hab\u00edamos conseguido.\u00a0Cuando la ilusi\u00f3n es grande, el dolor es muy grande\u201d.<\/p>\n\n\n\n<h3 class=\"wp-block-heading\">El cruce con Can<\/h3>\n\n\n\n<p>Con el partido caliente en el Signal Iduna Park, De Paul discuti\u00f3 con el mediocampista alem\u00e1n Emre Can y le mir\u00f3 el dorsal de la espalda, un claro gesto para darle a entender que \u201cno lo conoce\u201d.<\/p>\n\n\n\n<figure class=\"wp-block-embed is-type-rich is-provider-twitter wp-block-embed-twitter\"><div class=\"wp-block-embed__wrapper\">\n<blockquote class=\"twitter-tweet\" data-width=\"550\" data-dnt=\"true\"><p lang=\"es\" dir=\"ltr\">La chicana de Rodrigo: Emre Can mand\u00f3 a callar a De Paul y el argentino le mir\u00f3 el n\u00famero en la <a href=\"https:\/\/twitter.com\/hashtag\/CHAMPIONSxESPN?src=hash&amp;ref_src=twsrc%5Etfw\">#CHAMPIONSxESPN<\/a>. <br><br>\ud83d\udcfa Mir\u00e1 la <a href=\"https:\/\/twitter.com\/hashtag\/UCL?src=hash&amp;ref_src=twsrc%5Etfw\">#UCL<\/a> en <a href=\"https:\/\/twitter.com\/hashtag\/ESPNenStarPlus?src=hash&amp;ref_src=twsrc%5Etfw\">#ESPNenStarPlus<\/a> <a href=\"https:\/\/t.co\/FUDMd8lCee\">pic.twitter.com\/FUDMd8lCee<\/a><\/p>&mdash; SportsCenter (@SC_ESPN) <a href=\"https:\/\/twitter.com\/SC_ESPN\/status\/1780323529692479951?ref_src=twsrc%5Etfw\">April 16, 2024<\/a><\/blockquote><script async src=\"https:\/\/platform.twitter.com\/widgets.js\" charset=\"utf-8\"><\/script>\n<\/div><\/figure>\n","protected":false},"excerpt":{"rendered":"<p>El equipo del Cholo Simeone no pudo aguantar la ventaja en el global de la ida. Atl\u00e9tico de Madrid fue eliminado de la Champions League\u00a0este martes ante el Borussia Dortmund y\u00a0Rodrigo De Paul fue uno de los protagonistas\u00a0de la serie. La llave del argentino: de hacer un\u00a0gol en la ida en Madrid,\u00a0pasar por un picante [&hellip;]<\/p>\n","protected":false},"author":2,"featured_media":3469,"comment_status":"open","ping_status":"open","sticky":false,"template":"","format":"standard","meta":{"footnotes":""},"categories":[14],"tags":[],"_links":{"self":[{"href":"https:\/\/enlamira.info\/index.php\/wp-json\/wp\/v2\/posts\/3467"}],"collection":[{"href":"https:\/\/enlamira.info\/index.php\/wp-json\/wp\/v2\/posts"}],"about":[{"href":"https:\/\/enlamira.info\/index.php\/wp-json\/wp\/v2\/types\/post"}],"author":[{"embeddable":true,"href":"https:\/\/enlamira.info\/index.php\/wp-json\/wp\/v2\/users\/2"}],"replies":[{"embeddable":true,"href":"https:\/\/enlamira.info\/index.php\/wp-json\/wp\/v2\/comments?post=3467"}],"version-history":[{"count":1,"href":"https:\/\/enlamira.info\/index.php\/wp-json\/wp\/v2\/posts\/3467\/revisions"}],"predecessor-version":[{"id":3468,"href":"https:\/\/enlamira.info\/index.php\/wp-json\/wp\/v2\/posts\/3467\/revisions\/3468"}],"wp:featuredmedia":[{"embeddable":true,"href":"https:\/\/enlamira.info\/index.php\/wp-json\/wp\/v2\/media\/3469"}],"wp:attachment":[{"href":"https:\/\/enlamira.info\/index.php\/wp-json\/wp\/v2\/media?parent=3467"}],"wp:term":[{"taxonomy":"category","embeddable":true,"href":"https:\/\/enlamira.info\/index.php\/wp-json\/wp\/v2\/categories?post=3467"},{"taxonomy":"post_tag","embeddable":true,"href":"https:\/\/enlamira.info\/index.php\/wp-json\/wp\/v2\/tags?post=3467"}],"curies":[{"name":"wp","href":"https:\/\/api.w.org\/{rel}","templated":true}]}}