{"id":346,"date":"2024-03-05T17:08:10","date_gmt":"2024-03-05T20:08:10","guid":{"rendered":"https:\/\/enlamira.info\/?p=346"},"modified":"2024-03-05T17:33:22","modified_gmt":"2024-03-05T20:33:22","slug":"el-gobierno-confirmo-la-restitucion-del-impuesto-a-las-ganancias-es-un-pedido-de-los-gobernadores","status":"publish","type":"post","link":"https:\/\/enlamira.info\/index.php\/2024\/03\/05\/el-gobierno-confirmo-la-restitucion-del-impuesto-a-las-ganancias-es-un-pedido-de-los-gobernadores\/","title":{"rendered":"El Gobierno confirm\u00f3 la restituci\u00f3n del impuesto a las Ganancias: \u201cEs un pedido de los gobernadores\u201d"},"content":{"rendered":"\n<p>El ministro del Interior, Guillermo Francos anunci\u00f3 que se enviar\u00e1 pr\u00f3ximamente al Congreso un nuevo proyecto que contemple nuevamente el pago del gravamen.<\/p>\n\n\n\n<p>El ministro del Interior,\u00a0Guillermo Francos, confirm\u00f3 que el Gobierno nacional presentar\u00e1 un\u00a0proyecto para restituir el impuesto a las Ganancias. El funcionario nacional afirm\u00f3 que la decisi\u00f3n se toma tras un pedido de los gobernadores.<\/p>\n\n\n\n<p>En un evento en San Nicol\u00e1s, el ministro confirm\u00f3 la noticia y manifest\u00f3: \u201cEs un pedido de los gobernadores, que los ayudemos a solucionar sus problemas fiscales. En ese sentido, nosotros vamos a plantear la puesta en vigencia del impuesto a los ingresos\u201d.<\/p>\n\n\n\n<p>En septiembre de 2023 se hab\u00eda eliminado la cuarta categor\u00eda de Ganancias\u00a0y con ello quedaron excentos m\u00e1s de 800.000 contribuyentes. La ley sancionada por el Congreso elevaba el piso del impuesto a un equivalente de 15 salarios m\u00ednimos (actualmente $202.800).<\/p>\n\n\n\n<h3 class=\"wp-block-heading\">Francos dio detalles del Pacto de Mayo: \u201cEntiendo que\u00a0van a venir varios gobernadores\u201d<\/h3>\n\n\n\n<p>Por otra parte, el ministro del Interior se refiri\u00f3 a la\u00a0convocatoria anunciada por Javier Milei: \u201cYo entiendo que\u00a0van a venir varios gobernadores\u00a0y habr\u00e1 que ver las posibilidades que tiene cada uno, es un cambio que empieza. Hasta mayo hay un trecho y van a pasar varias cosas, pero iniciar el camino es importante. Tenemos hasta el 25 de mayo, que fue la fecha que puso el presidente y puede haber debates y acuerdos\u201d.<\/p>\n","protected":false},"excerpt":{"rendered":"<p>El ministro del Interior, Guillermo Francos anunci\u00f3 que se enviar\u00e1 pr\u00f3ximamente al Congreso un nuevo proyecto que contemple nuevamente el pago del gravamen. El ministro del Interior,\u00a0Guillermo Francos, confirm\u00f3 que el Gobierno nacional presentar\u00e1 un\u00a0proyecto para restituir el impuesto a las Ganancias. El funcionario nacional afirm\u00f3 que la decisi\u00f3n se toma tras un pedido de [&hellip;]<\/p>\n","protected":false},"author":2,"featured_media":348,"comment_status":"open","ping_status":"open","sticky":false,"template":"","format":"standard","meta":{"footnotes":""},"categories":[20],"tags":[],"_links":{"self":[{"href":"https:\/\/enlamira.info\/index.php\/wp-json\/wp\/v2\/posts\/346"}],"collection":[{"href":"https:\/\/enlamira.info\/index.php\/wp-json\/wp\/v2\/posts"}],"about":[{"href":"https:\/\/enlamira.info\/index.php\/wp-json\/wp\/v2\/types\/post"}],"author":[{"embeddable":true,"href":"https:\/\/enlamira.info\/index.php\/wp-json\/wp\/v2\/users\/2"}],"replies":[{"embeddable":true,"href":"https:\/\/enlamira.info\/index.php\/wp-json\/wp\/v2\/comments?post=346"}],"version-history":[{"count":1,"href":"https:\/\/enlamira.info\/index.php\/wp-json\/wp\/v2\/posts\/346\/revisions"}],"predecessor-version":[{"id":347,"href":"https:\/\/enlamira.info\/index.php\/wp-json\/wp\/v2\/posts\/346\/revisions\/347"}],"wp:featuredmedia":[{"embeddable":true,"href":"https:\/\/enlamira.info\/index.php\/wp-json\/wp\/v2\/media\/348"}],"wp:attachment":[{"href":"https:\/\/enlamira.info\/index.php\/wp-json\/wp\/v2\/media?parent=346"}],"wp:term":[{"taxonomy":"category","embeddable":true,"href":"https:\/\/enlamira.info\/index.php\/wp-json\/wp\/v2\/categories?post=346"},{"taxonomy":"post_tag","embeddable":true,"href":"https:\/\/enlamira.info\/index.php\/wp-json\/wp\/v2\/tags?post=346"}],"curies":[{"name":"wp","href":"https:\/\/api.w.org\/{rel}","templated":true}]}}