{"id":3452,"date":"2024-04-17T11:28:59","date_gmt":"2024-04-17T14:28:59","guid":{"rendered":"https:\/\/enlamira.info\/?p=3452"},"modified":"2024-04-17T12:05:45","modified_gmt":"2024-04-17T15:05:45","slug":"copa-de-la-liga-cuando-y-donde-sera-el-superclasico","status":"publish","type":"post","link":"https:\/\/enlamira.info\/index.php\/2024\/04\/17\/copa-de-la-liga-cuando-y-donde-sera-el-superclasico\/","title":{"rendered":"Copa de la Liga: cu\u00e1ndo y d\u00f3nde ser\u00e1 el Supercl\u00e1sico"},"content":{"rendered":"\n<p>El Mario Alberto Kempes ser\u00eda el campo de juego que el albergar\u00eda un nuevo S\u00faperclasico, aunque desde AFA no hay ofiacilizaci\u00f3n.<\/p>\n\n\n\n<p>A la espera de la\u00a0confirmaci\u00f3n oficial de AFA, por ahora, lo \u00fanico que se sabe es que el partido ser\u00e1\u00a0el pr\u00f3ximo domingo 21 abril.\u00a0Con respecto\u00a0al horario se barajan dos posibilidades: 15.30 o 17.00 horas. Lo que s\u00ed es una realidad es que se\u00a0jugar\u00e1 de d\u00eda por cuestiones de seguridad al concurrir p\u00fablico de ambas parcialidades.<\/p>\n\n\n\n<p>En cuanto a la sede en la antesala, siempre son\u00f3 el\u00a0Mario Alberto Kempes de la Provincia de C\u00f3rdoba\u00a0como el estadio que recibir\u00eda a un nuevo River- Boca en caso de darse el cruce.<\/p>\n\n\n\n<p>Pero\u00a0en las \u00faltimas horas se filtraron im\u00e1genes exclusivas donde se ve al campo de juego en condiciones desfavorables\u00a0a tan s\u00f3lo seis d\u00edas de un nuevo cl\u00e1sico en el f\u00fatbol argentino.<\/p>\n\n\n\n<p>Posteriromente al partido de Talleres e Independiente de Mendoza (6 de abril)\u00a0\u00a0se inici\u00f3 un trabajo de mantenimiento en el campo de juego y fue resembrado. Por este motivo ahora nace la duda sobre si el terreno va a estar en \u00f3ptimas condiciones para el domingo, de no ser as\u00ed, la sede cambiar\u00eda.<\/p>\n\n\n\n<p>Desde el equipo de trabajo que est\u00e1 encargado de mantener el terreno,\u00a0aseguran que para el domingo el campo de juego estar\u00e1 en perfecta condiciones.<\/p>\n\n\n\n<figure class=\"wp-block-embed is-type-rich is-provider-twitter wp-block-embed-twitter\"><div class=\"wp-block-embed__wrapper\">\n<blockquote class=\"twitter-tweet\" data-width=\"550\" data-dnt=\"true\"><p lang=\"es\" dir=\"ltr\">\ud83d\udea8EXCLUSIVO de <a href=\"https:\/\/twitter.com\/TyCSports?ref_src=twsrc%5Etfw\">@TyCSports<\/a>\ud83d\udea8<br><br>\ud83d\udc49\ud83c\udffeEl estado del campo de juego del Mario Alberto Kempes est\u00e1 siendo resembrado.<br><br>\ud83d\udc40\u00bfC\u00f3mo llega al <a href=\"https:\/\/twitter.com\/hashtag\/River?src=hash&amp;ref_src=twsrc%5Etfw\">#River<\/a> &#8211; <a href=\"https:\/\/twitter.com\/hashtag\/Boca?src=hash&amp;ref_src=twsrc%5Etfw\">#Boca<\/a>? <a href=\"https:\/\/t.co\/Nuz6DHtox4\">https:\/\/t.co\/Nuz6DHtox4<\/a> <a href=\"https:\/\/t.co\/txSDpATf7z\">pic.twitter.com\/txSDpATf7z<\/a><\/p>&mdash; Germ\u00e1n Garc\u00eda Grova (@GerGarciaGrova) <a href=\"https:\/\/twitter.com\/GerGarciaGrova\/status\/1780579735375912997?ref_src=twsrc%5Etfw\">April 17, 2024<\/a><\/blockquote><script async src=\"https:\/\/platform.twitter.com\/widgets.js\" charset=\"utf-8\"><\/script>\n<\/div><\/figure>\n","protected":false},"excerpt":{"rendered":"<p>El Mario Alberto Kempes ser\u00eda el campo de juego que el albergar\u00eda un nuevo S\u00faperclasico, aunque desde AFA no hay ofiacilizaci\u00f3n. A la espera de la\u00a0confirmaci\u00f3n oficial de AFA, por ahora, lo \u00fanico que se sabe es que el partido ser\u00e1\u00a0el pr\u00f3ximo domingo 21 abril.\u00a0Con respecto\u00a0al horario se barajan dos posibilidades: 15.30 o 17.00 horas. [&hellip;]<\/p>\n","protected":false},"author":2,"featured_media":3454,"comment_status":"open","ping_status":"open","sticky":false,"template":"","format":"standard","meta":{"footnotes":""},"categories":[14],"tags":[],"_links":{"self":[{"href":"https:\/\/enlamira.info\/index.php\/wp-json\/wp\/v2\/posts\/3452"}],"collection":[{"href":"https:\/\/enlamira.info\/index.php\/wp-json\/wp\/v2\/posts"}],"about":[{"href":"https:\/\/enlamira.info\/index.php\/wp-json\/wp\/v2\/types\/post"}],"author":[{"embeddable":true,"href":"https:\/\/enlamira.info\/index.php\/wp-json\/wp\/v2\/users\/2"}],"replies":[{"embeddable":true,"href":"https:\/\/enlamira.info\/index.php\/wp-json\/wp\/v2\/comments?post=3452"}],"version-history":[{"count":1,"href":"https:\/\/enlamira.info\/index.php\/wp-json\/wp\/v2\/posts\/3452\/revisions"}],"predecessor-version":[{"id":3453,"href":"https:\/\/enlamira.info\/index.php\/wp-json\/wp\/v2\/posts\/3452\/revisions\/3453"}],"wp:featuredmedia":[{"embeddable":true,"href":"https:\/\/enlamira.info\/index.php\/wp-json\/wp\/v2\/media\/3454"}],"wp:attachment":[{"href":"https:\/\/enlamira.info\/index.php\/wp-json\/wp\/v2\/media?parent=3452"}],"wp:term":[{"taxonomy":"category","embeddable":true,"href":"https:\/\/enlamira.info\/index.php\/wp-json\/wp\/v2\/categories?post=3452"},{"taxonomy":"post_tag","embeddable":true,"href":"https:\/\/enlamira.info\/index.php\/wp-json\/wp\/v2\/tags?post=3452"}],"curies":[{"name":"wp","href":"https:\/\/api.w.org\/{rel}","templated":true}]}}