{"id":3422,"date":"2024-04-16T11:38:25","date_gmt":"2024-04-16T14:38:25","guid":{"rendered":"https:\/\/enlamira.info\/?p=3422"},"modified":"2024-04-16T11:55:46","modified_gmt":"2024-04-16T14:55:46","slug":"alerta-alto-el-gobierno-protege-el-norte-argentino-tras-el-conflicto-entre-israel-e-iran","status":"publish","type":"post","link":"https:\/\/enlamira.info\/index.php\/2024\/04\/16\/alerta-alto-el-gobierno-protege-el-norte-argentino-tras-el-conflicto-entre-israel-e-iran\/","title":{"rendered":"\u201cAlerta alto\u201d: el Gobierno protege el norte argentino tras el conflicto entre Israel e Ir\u00e1n"},"content":{"rendered":"\n<p>Lo inform\u00f3 la ministra de Seguridad, Patricia Bullrich. Advirti\u00f3 que hay presencia de Hezbollah a 5 kil\u00f3metros de Puerto Iguaz\u00fa y que Bolivia tiene firmado un memor\u00e1ndum con Teher\u00e1n.<\/p>\n\n\n\n<p>En medio de la\u00a0escalada del conflicto entre Israel e Ir\u00e1n, desde el\u00a0Ministerio de Seguridad\u00a0de la Argentina sostuvieron que\u00a0se reforz\u00f3 la frontera norte por la presencia de Hezbollah\u00a0cerca de la Puerto Iguaz\u00fa y que hay preocupaci\u00f3n por el\u00a0memor\u00e1ndum firmado entre Bolivia y Teher\u00e1n.<\/p>\n\n\n\n<p>\u201cHoy enviamos una comunicaci\u00f3n de moderaci\u00f3n, de pasar de alta a moderada, en casi todo el pa\u00eds,\u00a0menos en la frontera norte y en la triple frontera, donde seguimos con una\u00a0amenaza alta\u201c, inform\u00f3 Patricia Bullrich.<\/p>\n\n\n\n<p>Al respecto, la ministra de Seguridad, detall\u00f3: \u201cLa Argentina ha sufrido dos atentados y est\u00e1 en una zona donde\u00a0hay una presencia activa de dos fuerzas que son aliadas a Ir\u00e1n, que son del\u00a0Hezbollah\u00a0que est\u00e1 en la\u00a0triple frontera\u00a0de Paraguay, Brasil y Argentina\u201d<\/p>\n\n\n\n<p>\u201cTambi\u00e9n se ha visto presencia en Iquique, en el norte de Chile, el a\u00f1o pasado en San Pablo, Brasil, y hace unas pocas semanas en Per\u00fa y el a\u00f1o pasado se detuvieron a dos personas de Hezbollah en San Pablo\u201d, agreg\u00f3.<\/p>\n\n\n\n<p>En relaci\u00f3n al\u00a0memor\u00e1ndum firmado por Bolivia, coment\u00f3 que este \u201cha permitido la instalaci\u00f3n de\u00a0700 miembros de iran\u00edes en Bolivia, que nosotros consideramos que son miembros de la guardia\u00a0Quds, que es una guardia llamada revolucionaria y es como un brazo armado tambi\u00e9n del Estado isl\u00e1mico iran\u00ed\u201d.<\/p>\n\n\n\n<p>Bullrich asegur\u00f3 que la Argentina en este momento est\u00e1 en\u00a0contacto con todos los servicios des seguridad del mundo\u00a0y en particular coment\u00f3: \u201cHemos recibido informaci\u00f3n de Servicios de pa\u00edses aliados a Israel, como es el caso de Arabia Saudita; tenemos informaci\u00f3n que de Israel, Estados Unidos, y tenemos ayuda de los pa\u00edses vecinos\u201d.<\/p>\n\n\n\n<p>\u201cLa coordinaci\u00f3n es online. Cualquier movimiento que pueda haber en frontera, cualquier situaci\u00f3n de alguien que toma un viaje en Pa\u00edses Bajos con destino Colombia, con un pasaje a Buenos Aires, nosotros nos enteramos que pueda estar en alguna de las listas de terroristas que maneja la UE o los pa\u00edses como Estados Unidos o Canad\u00e1 y muchos pa\u00edses latinoamericanos, m\u00e1s nuestros propios recursos de inteligencia, que hemos desarrollado\u201d, subray\u00f3.<\/p>\n","protected":false},"excerpt":{"rendered":"<p>Lo inform\u00f3 la ministra de Seguridad, Patricia Bullrich. Advirti\u00f3 que hay presencia de Hezbollah a 5 kil\u00f3metros de Puerto Iguaz\u00fa y que Bolivia tiene firmado un memor\u00e1ndum con Teher\u00e1n. En medio de la\u00a0escalada del conflicto entre Israel e Ir\u00e1n, desde el\u00a0Ministerio de Seguridad\u00a0de la Argentina sostuvieron que\u00a0se reforz\u00f3 la frontera norte por la presencia de [&hellip;]<\/p>\n","protected":false},"author":2,"featured_media":3424,"comment_status":"open","ping_status":"open","sticky":false,"template":"","format":"standard","meta":{"footnotes":""},"categories":[4],"tags":[],"_links":{"self":[{"href":"https:\/\/enlamira.info\/index.php\/wp-json\/wp\/v2\/posts\/3422"}],"collection":[{"href":"https:\/\/enlamira.info\/index.php\/wp-json\/wp\/v2\/posts"}],"about":[{"href":"https:\/\/enlamira.info\/index.php\/wp-json\/wp\/v2\/types\/post"}],"author":[{"embeddable":true,"href":"https:\/\/enlamira.info\/index.php\/wp-json\/wp\/v2\/users\/2"}],"replies":[{"embeddable":true,"href":"https:\/\/enlamira.info\/index.php\/wp-json\/wp\/v2\/comments?post=3422"}],"version-history":[{"count":1,"href":"https:\/\/enlamira.info\/index.php\/wp-json\/wp\/v2\/posts\/3422\/revisions"}],"predecessor-version":[{"id":3423,"href":"https:\/\/enlamira.info\/index.php\/wp-json\/wp\/v2\/posts\/3422\/revisions\/3423"}],"wp:featuredmedia":[{"embeddable":true,"href":"https:\/\/enlamira.info\/index.php\/wp-json\/wp\/v2\/media\/3424"}],"wp:attachment":[{"href":"https:\/\/enlamira.info\/index.php\/wp-json\/wp\/v2\/media?parent=3422"}],"wp:term":[{"taxonomy":"category","embeddable":true,"href":"https:\/\/enlamira.info\/index.php\/wp-json\/wp\/v2\/categories?post=3422"},{"taxonomy":"post_tag","embeddable":true,"href":"https:\/\/enlamira.info\/index.php\/wp-json\/wp\/v2\/tags?post=3422"}],"curies":[{"name":"wp","href":"https:\/\/api.w.org\/{rel}","templated":true}]}}