{"id":3419,"date":"2024-04-16T11:37:20","date_gmt":"2024-04-16T14:37:20","guid":{"rendered":"https:\/\/enlamira.info\/?p=3419"},"modified":"2024-04-16T11:56:39","modified_gmt":"2024-04-16T14:56:39","slug":"la-advertencia-de-pichetto-sobre-la-uba-el-mes-que-viene-habra-problemas","status":"publish","type":"post","link":"https:\/\/enlamira.info\/index.php\/2024\/04\/16\/la-advertencia-de-pichetto-sobre-la-uba-el-mes-que-viene-habra-problemas\/","title":{"rendered":"La advertencia de Pichetto sobre la UBA: \u201cEl mes que viene habr\u00e1 problemas\u201d"},"content":{"rendered":"\n<p>En oposici\u00f3n al Gobierno, el diputado de Hacemos Coalici\u00f3n Federal puso en duda que haya adoctrinamiento y critic\u00f3 el ajuste a la universidad p\u00fablica.<\/p>\n\n\n\n<p>Mientras\u00a0el presidente Javier Milei denunci\u00f3 que hay adoctrinamiento en la Universidad de Buenos Aires, el diputado y uno de los l\u00edderes de la oposici\u00f3n m\u00e1s cercana al Gobierno,\u00a0Miguel \u00c1ngel Pichetto, defendi\u00f3 el centro de estudios\u00a0y advirti\u00f3 que tras el ajuste\u00a0\u201cel mes que viene habr\u00e1 problemas\u201d.<\/p>\n\n\n\n<p>\u201cSoy un producto de la universidad p\u00fablica. Estudi\u00e9 en La Plata en los \u201870, en a\u00f1os complicados.\u00a0La educaci\u00f3n p\u00fablica plantea una diferencia para la Argentina. Puede haber alguna cuesti\u00f3n patol\u00f3gica puntual, pero\u00a0en general la universidad p\u00fablica es un marco abierto, que tiene que ser plural y no puede ser de otra manera\u201d, coment\u00f3 el legislador.<\/p>\n\n\n\n<p>Y agreg\u00f3: \u201cM\u00e1s all\u00e1 de las personas, es importante preservar la universidad p\u00fablica.\u00a0Es la opci\u00f3n y la salida para el ascenso social en la Argentina. Es lo que marca diferencia y jerarqu\u00eda\u201d.<\/p>\n\n\n\n<p>Respecto del ajuste presupuestario, pidi\u00f3 que se prest\u00e9 atenci\u00f3n al problema:\u00a0\u201cTen\u00e9s un presupuesto anclado en el 2023 y el mes que viene ten\u00e9s problemas. Hay demandas o reclamos que\u00a0el Gobierno tiene que atender\u201c.<\/p>\n\n\n\n<p>Otro de los temas calientes de los \u00faltimos meses, el\u00a0aumento de las prepagas, tambi\u00e9n fue abordado por el diputado quien coment\u00f3 que \u201cun sistema de libertad de precios requiere una estructura poderosa, y probar las responsabilidad de sede administrativa, antes de hablar de cartelizaci\u00f3n\u201d.<\/p>\n\n\n\n<p>Cabe recordar que esta semana el Gobierno anunci\u00f3 que planea judicializar la suba de precios y\u00a0denunci\u00f3 cartelizaci\u00f3n por parte de las prestadoras de servicios de salud.<\/p>\n\n\n\n<p>\u201cAntes de hacer denuncias penales, es importante poner en marcha la secretar\u00eda de Competencia\u00a0a la cual no estamos acostumbrados\u201d, subray\u00f3 Pichetto, quien en referencia a los Estados Unidos, detall\u00f3: \u201cAll\u00e1, si ten\u00e9s posici\u00f3n dominante, viene el Estado y te dice que ten\u00e9s que vender la empresa\u201d.<\/p>\n","protected":false},"excerpt":{"rendered":"<p>En oposici\u00f3n al Gobierno, el diputado de Hacemos Coalici\u00f3n Federal puso en duda que haya adoctrinamiento y critic\u00f3 el ajuste a la universidad p\u00fablica. Mientras\u00a0el presidente Javier Milei denunci\u00f3 que hay adoctrinamiento en la Universidad de Buenos Aires, el diputado y uno de los l\u00edderes de la oposici\u00f3n m\u00e1s cercana al Gobierno,\u00a0Miguel \u00c1ngel Pichetto, defendi\u00f3 [&hellip;]<\/p>\n","protected":false},"author":2,"featured_media":3421,"comment_status":"open","ping_status":"open","sticky":false,"template":"","format":"standard","meta":{"footnotes":""},"categories":[20],"tags":[],"_links":{"self":[{"href":"https:\/\/enlamira.info\/index.php\/wp-json\/wp\/v2\/posts\/3419"}],"collection":[{"href":"https:\/\/enlamira.info\/index.php\/wp-json\/wp\/v2\/posts"}],"about":[{"href":"https:\/\/enlamira.info\/index.php\/wp-json\/wp\/v2\/types\/post"}],"author":[{"embeddable":true,"href":"https:\/\/enlamira.info\/index.php\/wp-json\/wp\/v2\/users\/2"}],"replies":[{"embeddable":true,"href":"https:\/\/enlamira.info\/index.php\/wp-json\/wp\/v2\/comments?post=3419"}],"version-history":[{"count":1,"href":"https:\/\/enlamira.info\/index.php\/wp-json\/wp\/v2\/posts\/3419\/revisions"}],"predecessor-version":[{"id":3420,"href":"https:\/\/enlamira.info\/index.php\/wp-json\/wp\/v2\/posts\/3419\/revisions\/3420"}],"wp:featuredmedia":[{"embeddable":true,"href":"https:\/\/enlamira.info\/index.php\/wp-json\/wp\/v2\/media\/3421"}],"wp:attachment":[{"href":"https:\/\/enlamira.info\/index.php\/wp-json\/wp\/v2\/media?parent=3419"}],"wp:term":[{"taxonomy":"category","embeddable":true,"href":"https:\/\/enlamira.info\/index.php\/wp-json\/wp\/v2\/categories?post=3419"},{"taxonomy":"post_tag","embeddable":true,"href":"https:\/\/enlamira.info\/index.php\/wp-json\/wp\/v2\/tags?post=3419"}],"curies":[{"name":"wp","href":"https:\/\/api.w.org\/{rel}","templated":true}]}}