{"id":3407,"date":"2024-04-16T11:33:31","date_gmt":"2024-04-16T14:33:31","guid":{"rendered":"https:\/\/enlamira.info\/?p=3407"},"modified":"2024-04-16T11:59:33","modified_gmt":"2024-04-16T14:59:33","slug":"javier-milei-y-luis-petri-oficializaron-la-compra-de-24-aviones-f-16-a-dinamarca","status":"publish","type":"post","link":"https:\/\/enlamira.info\/index.php\/2024\/04\/16\/javier-milei-y-luis-petri-oficializaron-la-compra-de-24-aviones-f-16-a-dinamarca\/","title":{"rendered":"Javier Milei y Luis Petri oficializaron la compra de 24 aviones F-16 a Dinamarca"},"content":{"rendered":"\n<p>El Presidente y el ministro de Defensa, quien se encuentra en Europa, realizaron una videoconferencia. En total, entre las aeronaves y el armamento, la Argentina desembolsar\u00eda unos USD 600 millones.<\/p>\n\n\n\n<p>Javier Milei iba a estar presente en Dinamarca\u00a0para anunciar la\u00a0compra de 24 aviones F-16 para la Fuerza A\u00e9rea Argentina, pero por el conflicto entre Israel e Ir\u00e1n que lo sorprendi\u00f3 en pleno viaje por los Estados Unidos,\u00a0el mandatario suspendi\u00f3 su gira.<\/p>\n\n\n\n<p>En su reemplaz\u00f3\u00a0asisti\u00f3 el ministro de Defensa, Luis Petri, quien esta ma\u00f1ana\u00a0se comunic\u00f3 con el mandatario por videoconferencia. Vestido con chaqueta de cuero y con una aeronave de fondo, Petri convers\u00f3 con el Presidente mientras\u00a0se realiz\u00f3 la firma del convenio entre ambos pa\u00edses.<\/p>\n\n\n\n<p>\u201cEsta tarea que estamos llevando a cabo s\u00f3lo es posible porque\u00a0estoy acompa\u00f1ado de un gran gabinete, con grandes personas, grandes seres humanos y talentosos\u201c, sostuvo Milei.<\/p>\n\n\n\n<p>\u201cMuchas gracias, Presidente, muchas gracias, comandante en jefe de las Fuerzas Armadas. Un agradecimiento especial de todas las fuerzas. Simplemente decirle que usted,\u00a0Presidente, est\u00e1 transformando el pa\u00eds, sacando a la Argentina de d\u00e9cadas de decadencias, y est\u00e1 llevando las banderas de la libertad a todos los rincones del mundo y esto tambi\u00e9n resuena aqu\u00ed en Dinamarca\u201d, coment\u00f3 Petri.<\/p>\n\n\n\n<figure class=\"wp-block-embed is-type-rich is-provider-twitter wp-block-embed-twitter\"><div class=\"wp-block-embed__wrapper\">\n<blockquote class=\"twitter-tweet\" data-width=\"550\" data-dnt=\"true\"><p lang=\"es\" dir=\"ltr\">El Presidente Javier Milei y el Ministro de Defensa, Luis Petri, anuncian la adquisici\u00f3n de 24 aviones de combate F-16 para la Fuerza A\u00e9rea Argentina. <a href=\"https:\/\/t.co\/dzlhsvizEh\">pic.twitter.com\/dzlhsvizEh<\/a><\/p>&mdash; Oficina del Presidente (@OPRArgentina) <a href=\"https:\/\/twitter.com\/OPRArgentina\/status\/1780191514192126069?ref_src=twsrc%5Etfw\">April 16, 2024<\/a><\/blockquote><script async src=\"https:\/\/platform.twitter.com\/widgets.js\" charset=\"utf-8\"><\/script>\n<\/div><\/figure>\n\n\n\n<p>Del encuentro, tambi\u00e9n particip\u00f3<strong>&nbsp;Xavier Isaac<\/strong>, jefe del Estado Mayor Conjunto.<\/p>\n\n\n\n<p>Seg\u00fan inform\u00f3\u00a0<em>TN<\/em>,\u00a0la\u00a0Argentina pagar\u00e1 un total de USD 300 millones por las aeronaves. Este a\u00f1o se desembolsar\u00e1n\u00a0USD 40 millones y el rest\u00f3 se pagar\u00e1 en cinco a\u00f1os.<\/p>\n\n\n\n<p>Por otro lado, tambi\u00e9n se\u00a0comprar\u00e1 el armamento\u00a0de los F-16 a los Estados Unidos por\u00a0otros USD 300 millones.<\/p>\n\n\n\n<p>La compra incluye misiles\u00a0AMRAAM y el AIM-9M Sidewinder, al tiempo que armas aire-tierra como bombas guiadas y ca\u00f1ones.<\/p>\n","protected":false},"excerpt":{"rendered":"<p>El Presidente y el ministro de Defensa, quien se encuentra en Europa, realizaron una videoconferencia. En total, entre las aeronaves y el armamento, la Argentina desembolsar\u00eda unos USD 600 millones. Javier Milei iba a estar presente en Dinamarca\u00a0para anunciar la\u00a0compra de 24 aviones F-16 para la Fuerza A\u00e9rea Argentina, pero por el conflicto entre Israel [&hellip;]<\/p>\n","protected":false},"author":2,"featured_media":3408,"comment_status":"open","ping_status":"open","sticky":false,"template":"","format":"standard","meta":{"footnotes":""},"categories":[20],"tags":[],"_links":{"self":[{"href":"https:\/\/enlamira.info\/index.php\/wp-json\/wp\/v2\/posts\/3407"}],"collection":[{"href":"https:\/\/enlamira.info\/index.php\/wp-json\/wp\/v2\/posts"}],"about":[{"href":"https:\/\/enlamira.info\/index.php\/wp-json\/wp\/v2\/types\/post"}],"author":[{"embeddable":true,"href":"https:\/\/enlamira.info\/index.php\/wp-json\/wp\/v2\/users\/2"}],"replies":[{"embeddable":true,"href":"https:\/\/enlamira.info\/index.php\/wp-json\/wp\/v2\/comments?post=3407"}],"version-history":[{"count":1,"href":"https:\/\/enlamira.info\/index.php\/wp-json\/wp\/v2\/posts\/3407\/revisions"}],"predecessor-version":[{"id":3409,"href":"https:\/\/enlamira.info\/index.php\/wp-json\/wp\/v2\/posts\/3407\/revisions\/3409"}],"wp:featuredmedia":[{"embeddable":true,"href":"https:\/\/enlamira.info\/index.php\/wp-json\/wp\/v2\/media\/3408"}],"wp:attachment":[{"href":"https:\/\/enlamira.info\/index.php\/wp-json\/wp\/v2\/media?parent=3407"}],"wp:term":[{"taxonomy":"category","embeddable":true,"href":"https:\/\/enlamira.info\/index.php\/wp-json\/wp\/v2\/categories?post=3407"},{"taxonomy":"post_tag","embeddable":true,"href":"https:\/\/enlamira.info\/index.php\/wp-json\/wp\/v2\/tags?post=3407"}],"curies":[{"name":"wp","href":"https:\/\/api.w.org\/{rel}","templated":true}]}}