{"id":3392,"date":"2024-04-16T11:28:49","date_gmt":"2024-04-16T14:28:49","guid":{"rendered":"https:\/\/enlamira.info\/?p=3392"},"modified":"2024-04-16T12:02:20","modified_gmt":"2024-04-16T15:02:20","slug":"estaba-al-tanto-de-todo-los-chats-que-complican-a-riquelme-tras-el-abuso-sexual-de-jorge-martinez-en-boca","status":"publish","type":"post","link":"https:\/\/enlamira.info\/index.php\/2024\/04\/16\/estaba-al-tanto-de-todo-los-chats-que-complican-a-riquelme-tras-el-abuso-sexual-de-jorge-martinez-en-boca\/","title":{"rendered":"\u00bfEstaba al tanto de todo?: los chats que complican a Riquelme tras el abuso sexual de Jorge Mart\u00ednez en Boca"},"content":{"rendered":"\n<p>El ex entrenador del f\u00fatbol femenino fue condenado a un a\u00f1o de prisi\u00f3n hace varios d\u00edas<\/p>\n\n\n\n<p>Hace varios d\u00edas,\u00a0Jorge\u00a0Mart\u00ednez, ex entrenador del f\u00fatbol femenino de\u00a0Boca,\u00a0fue condenado a un a\u00f1o de prisi\u00f3n\u00a0por abuso sexual sobre\u00a0Florencia\u00a0Marco, quien era la jefa de prensa en la disciplina.<\/p>\n\n\n\n<p>La pena, al ser menor de tres a\u00f1os, es excarcelable; aunque\u00a0s\u00ed trajo consecuencias en el Consejo de F\u00fatbol\u00a0por posible encubrimiento al acusado.<\/p>\n\n\n\n<p>Es en ese sentido que ahora quien est\u00e1 complicado es\u00a0Juan\u00a0Rom\u00e1n Riquelme,\u00a0ya que lo est\u00e1n investigando por una\u00a0posible complicidad en la causa\u00a0al estar \u201centerado\u201d de la situaci\u00f3n.<\/p>\n\n\n\n<p>Marco\u00a0asegura que\u00a0\u201cel 1 sab\u00eda\u201d lo que le hab\u00eda pasado, t\u00e9rmino que habr\u00eda utilizado para referirse a Riquelme.<\/p>\n\n\n\n<p>En el juicio, una testigo asegur\u00f3 que el hermano de Rom\u00e1n estaba enterado de la situaci\u00f3n, y luego la denunciante ratific\u00f3 que tanto \u00e9l como\u00a0el actual presidente del Xeneize eran conscientes de todo.<\/p>\n\n\n\n<p>La v\u00edctima entreg\u00f3 varios chats que mantuvo con la dirigencia, y los mismos est\u00e1n siendo investigados y analizados por el fiscal, que sigue juntando pruebas que podr\u00edan complicar tanto a\u00a0Riquelme\u00a0como a varios integrantes del Consejo de F\u00fatbol, entre ellos\u00a0Jorge \u201cel Patr\u00f3n\u201d Berm\u00fadez.<\/p>\n","protected":false},"excerpt":{"rendered":"<p>El ex entrenador del f\u00fatbol femenino fue condenado a un a\u00f1o de prisi\u00f3n hace varios d\u00edas Hace varios d\u00edas,\u00a0Jorge\u00a0Mart\u00ednez, ex entrenador del f\u00fatbol femenino de\u00a0Boca,\u00a0fue condenado a un a\u00f1o de prisi\u00f3n\u00a0por abuso sexual sobre\u00a0Florencia\u00a0Marco, quien era la jefa de prensa en la disciplina. La pena, al ser menor de tres a\u00f1os, es excarcelable; aunque\u00a0s\u00ed trajo [&hellip;]<\/p>\n","protected":false},"author":2,"featured_media":3394,"comment_status":"open","ping_status":"open","sticky":false,"template":"","format":"standard","meta":{"footnotes":""},"categories":[14],"tags":[],"_links":{"self":[{"href":"https:\/\/enlamira.info\/index.php\/wp-json\/wp\/v2\/posts\/3392"}],"collection":[{"href":"https:\/\/enlamira.info\/index.php\/wp-json\/wp\/v2\/posts"}],"about":[{"href":"https:\/\/enlamira.info\/index.php\/wp-json\/wp\/v2\/types\/post"}],"author":[{"embeddable":true,"href":"https:\/\/enlamira.info\/index.php\/wp-json\/wp\/v2\/users\/2"}],"replies":[{"embeddable":true,"href":"https:\/\/enlamira.info\/index.php\/wp-json\/wp\/v2\/comments?post=3392"}],"version-history":[{"count":1,"href":"https:\/\/enlamira.info\/index.php\/wp-json\/wp\/v2\/posts\/3392\/revisions"}],"predecessor-version":[{"id":3393,"href":"https:\/\/enlamira.info\/index.php\/wp-json\/wp\/v2\/posts\/3392\/revisions\/3393"}],"wp:featuredmedia":[{"embeddable":true,"href":"https:\/\/enlamira.info\/index.php\/wp-json\/wp\/v2\/media\/3394"}],"wp:attachment":[{"href":"https:\/\/enlamira.info\/index.php\/wp-json\/wp\/v2\/media?parent=3392"}],"wp:term":[{"taxonomy":"category","embeddable":true,"href":"https:\/\/enlamira.info\/index.php\/wp-json\/wp\/v2\/categories?post=3392"},{"taxonomy":"post_tag","embeddable":true,"href":"https:\/\/enlamira.info\/index.php\/wp-json\/wp\/v2\/tags?post=3392"}],"curies":[{"name":"wp","href":"https:\/\/api.w.org\/{rel}","templated":true}]}}