{"id":3317,"date":"2024-04-15T11:31:08","date_gmt":"2024-04-15T14:31:08","guid":{"rendered":"https:\/\/enlamira.info\/?p=3317"},"modified":"2024-04-15T11:58:18","modified_gmt":"2024-04-15T14:58:18","slug":"ex-potenciar-trabajo-se-revelo-que-al-menos-110-000-beneficiarios-son-extranjeros","status":"publish","type":"post","link":"https:\/\/enlamira.info\/index.php\/2024\/04\/15\/ex-potenciar-trabajo-se-revelo-que-al-menos-110-000-beneficiarios-son-extranjeros\/","title":{"rendered":"Ex Potenciar Trabajo: se revel\u00f3 que al menos 110.000 beneficiarios son extranjeros"},"content":{"rendered":"\n<p>Lo revel\u00f3 un documento del Gobierno. Un gran porcentaje de ellos no logr\u00f3 conseguir empleo formal en casi una d\u00e9cada.<\/p>\n\n\n\n<p>En plena\u00a0reestructuraci\u00f3n de los planes sociales\u00a0en el que desapareci\u00f3 el\u00a0\u201cPotenciar Trabajo\u201d\u00a0y fue reemplazado por los programas\u00a0\u201cVolver al Trabajo\u201d y \u201cAcompa\u00f1amiento Social\u201d, se revel\u00f3 que\u00a0110 mil extranjeros son beneficiarios de los proyectos.<\/p>\n\n\n\n<p>Actualmente unas\u00a01,2 millones de personas reciben la asistencia, por lo que la cifra representa casi un\u00a010 por ciento del total. A cambio de una contraprestaci\u00f3n laboral o comunitaria\u00a0cada uno cobra $78 mil, se trata de unos\u00a0$8.580.000.000 mensuales.<\/p>\n\n\n\n<p>Seg\u00fan inform\u00f3 el Gobierno,\u00a0solo el 1,3 por ciento\u00a0de los titulares del programa\u00a0logr\u00f3 conseguir un empleo formal\u00a0y esta situaci\u00f3n se acarrea desde hace casi una d\u00e9cada.<\/p>\n\n\n\n<p>Respecto de c\u00f3mo est\u00e1 divido hoy el ex-Potenciar Trabajo, la cantidad de extranjeros\u00a0en el \u201cVolver al Trabajo\u201d representa el 8,9 por ciento\u00a0y suma as\u00ed\u00a080.100 personas.<\/p>\n\n\n\n<p>Los restantes, unos\u00a030.000, se encuentran ahora bajo la \u00f3rbita de la Secretar\u00eda de Ni\u00f1ez, Adolescencia y Familia y ser\u00e1n parte del programa\u00a0\u201cAcompa\u00f1amiento Social\u201d.<\/p>\n\n\n\n<p>La gesti\u00f3n de Milei hab\u00eda detectado principios de este a\u00f1o\u00a0miles de beneficiarios que viajaban al extranjero\u00a0y justific\u00f3 as\u00ed la\u00a0baja de unos 20 mil planes.<\/p>\n\n\n\n<p>La decisi\u00f3n fue muy\u00a0criticada por sectores de la oposici\u00f3n\u00a0que sostuvieron que muchos de esos viajes eran a pa\u00edses lim\u00edtrofes y que se hac\u00edan por \u201crazones de fuerza mayor\u201d o \u201cemergencia familiar\u201d y que su quita resultaba \u201cdiscriminatoria\u201d.<\/p>\n","protected":false},"excerpt":{"rendered":"<p>Lo revel\u00f3 un documento del Gobierno. Un gran porcentaje de ellos no logr\u00f3 conseguir empleo formal en casi una d\u00e9cada. En plena\u00a0reestructuraci\u00f3n de los planes sociales\u00a0en el que desapareci\u00f3 el\u00a0\u201cPotenciar Trabajo\u201d\u00a0y fue reemplazado por los programas\u00a0\u201cVolver al Trabajo\u201d y \u201cAcompa\u00f1amiento Social\u201d, se revel\u00f3 que\u00a0110 mil extranjeros son beneficiarios de los proyectos. Actualmente unas\u00a01,2 millones de [&hellip;]<\/p>\n","protected":false},"author":2,"featured_media":3320,"comment_status":"open","ping_status":"open","sticky":false,"template":"","format":"standard","meta":{"footnotes":""},"categories":[20],"tags":[],"_links":{"self":[{"href":"https:\/\/enlamira.info\/index.php\/wp-json\/wp\/v2\/posts\/3317"}],"collection":[{"href":"https:\/\/enlamira.info\/index.php\/wp-json\/wp\/v2\/posts"}],"about":[{"href":"https:\/\/enlamira.info\/index.php\/wp-json\/wp\/v2\/types\/post"}],"author":[{"embeddable":true,"href":"https:\/\/enlamira.info\/index.php\/wp-json\/wp\/v2\/users\/2"}],"replies":[{"embeddable":true,"href":"https:\/\/enlamira.info\/index.php\/wp-json\/wp\/v2\/comments?post=3317"}],"version-history":[{"count":1,"href":"https:\/\/enlamira.info\/index.php\/wp-json\/wp\/v2\/posts\/3317\/revisions"}],"predecessor-version":[{"id":3318,"href":"https:\/\/enlamira.info\/index.php\/wp-json\/wp\/v2\/posts\/3317\/revisions\/3318"}],"wp:featuredmedia":[{"embeddable":true,"href":"https:\/\/enlamira.info\/index.php\/wp-json\/wp\/v2\/media\/3320"}],"wp:attachment":[{"href":"https:\/\/enlamira.info\/index.php\/wp-json\/wp\/v2\/media?parent=3317"}],"wp:term":[{"taxonomy":"category","embeddable":true,"href":"https:\/\/enlamira.info\/index.php\/wp-json\/wp\/v2\/categories?post=3317"},{"taxonomy":"post_tag","embeddable":true,"href":"https:\/\/enlamira.info\/index.php\/wp-json\/wp\/v2\/tags?post=3317"}],"curies":[{"name":"wp","href":"https:\/\/api.w.org\/{rel}","templated":true}]}}