{"id":3314,"date":"2024-04-15T11:30:00","date_gmt":"2024-04-15T14:30:00","guid":{"rendered":"https:\/\/enlamira.info\/?p=3314"},"modified":"2024-04-15T11:59:24","modified_gmt":"2024-04-15T14:59:24","slug":"patricia-bullrich-la-argentina-ahora-esta-del-lado-correcto-de-la-historia","status":"publish","type":"post","link":"https:\/\/enlamira.info\/index.php\/2024\/04\/15\/patricia-bullrich-la-argentina-ahora-esta-del-lado-correcto-de-la-historia\/","title":{"rendered":"Patricia Bullrich: \u201cLa Argentina ahora est\u00e1 del lado correcto de la historia\u201d"},"content":{"rendered":"\n<p>La ministra de Seguridad cit\u00f3 una frase de Winston Churchill sobre el pa\u00eds en sus redes sociales y Javier Milei le respondi\u00f3.<\/p>\n\n\n\n<p>En pleno\u00a0conflicto entre Israel e Ir\u00e1n, que escala en los \u00faltimos d\u00edas, la ministra de Seguridad,\u00a0Patricia Bullrich, cit\u00f3 una frase del exprimer ministro del Reino Unido,\u00a0Winston Churchill, sobre el rol de la Argentina en la Segunda Guerra Mundial.<\/p>\n\n\n\n<p>Titulado\u00a0\u201cChurchill y la libertad\u201d, Bullrich se manifest\u00f3 en su cuenta de la red social X y cit\u00f3 al estadista: \u201cSentimos profunda pena y gran angustia, como amigos de Argentina, que en estos tiempos de prueba para las naciones ella no ha considerado oportuno tomar su lugar\u00a0sin reserva o calificaci\u00f3n del lado de la libertad, y ha elegido aliarse con el mal, y no solo con el mal, sino con el lado perdedor\u201d.<\/p>\n\n\n\n<p>La frase citada fue pronunciada por Churchill 2 de agosto de 1944 ante la C\u00e1mara de los Comunes y tiene relevancia en plena avanzada del conflicto en Medio Oriente y donde\u00a0Javier Milei tom\u00f3 clara postura por Israel sobre Ir\u00e1n.<\/p>\n\n\n\n<p>Finalmente, Bullrich agreg\u00f3:\u00a0\u201cLa Argentina ahora est\u00e1 del lado correcto de la historia en el gobierno del presidente Javier Milei\u201d.<\/p>\n\n\n\n<p>La publicaci\u00f3n de la Ministra fue enseguida compartido por el mandatario, quien agreg\u00f3:\u00a0\u201cMaravilloso posteo !!!\u201d.<\/p>\n","protected":false},"excerpt":{"rendered":"<p>La ministra de Seguridad cit\u00f3 una frase de Winston Churchill sobre el pa\u00eds en sus redes sociales y Javier Milei le respondi\u00f3. En pleno\u00a0conflicto entre Israel e Ir\u00e1n, que escala en los \u00faltimos d\u00edas, la ministra de Seguridad,\u00a0Patricia Bullrich, cit\u00f3 una frase del exprimer ministro del Reino Unido,\u00a0Winston Churchill, sobre el rol de la Argentina [&hellip;]<\/p>\n","protected":false},"author":2,"featured_media":3316,"comment_status":"open","ping_status":"open","sticky":false,"template":"","format":"standard","meta":{"footnotes":""},"categories":[20],"tags":[],"_links":{"self":[{"href":"https:\/\/enlamira.info\/index.php\/wp-json\/wp\/v2\/posts\/3314"}],"collection":[{"href":"https:\/\/enlamira.info\/index.php\/wp-json\/wp\/v2\/posts"}],"about":[{"href":"https:\/\/enlamira.info\/index.php\/wp-json\/wp\/v2\/types\/post"}],"author":[{"embeddable":true,"href":"https:\/\/enlamira.info\/index.php\/wp-json\/wp\/v2\/users\/2"}],"replies":[{"embeddable":true,"href":"https:\/\/enlamira.info\/index.php\/wp-json\/wp\/v2\/comments?post=3314"}],"version-history":[{"count":1,"href":"https:\/\/enlamira.info\/index.php\/wp-json\/wp\/v2\/posts\/3314\/revisions"}],"predecessor-version":[{"id":3315,"href":"https:\/\/enlamira.info\/index.php\/wp-json\/wp\/v2\/posts\/3314\/revisions\/3315"}],"wp:featuredmedia":[{"embeddable":true,"href":"https:\/\/enlamira.info\/index.php\/wp-json\/wp\/v2\/media\/3316"}],"wp:attachment":[{"href":"https:\/\/enlamira.info\/index.php\/wp-json\/wp\/v2\/media?parent=3314"}],"wp:term":[{"taxonomy":"category","embeddable":true,"href":"https:\/\/enlamira.info\/index.php\/wp-json\/wp\/v2\/categories?post=3314"},{"taxonomy":"post_tag","embeddable":true,"href":"https:\/\/enlamira.info\/index.php\/wp-json\/wp\/v2\/tags?post=3314"}],"curies":[{"name":"wp","href":"https:\/\/api.w.org\/{rel}","templated":true}]}}