{"id":3311,"date":"2024-04-15T11:28:42","date_gmt":"2024-04-15T14:28:42","guid":{"rendered":"https:\/\/enlamira.info\/?p=3311"},"modified":"2024-04-15T12:00:08","modified_gmt":"2024-04-15T15:00:08","slug":"la-advertencia-del-presidente-de-la-daia-no-descarto-ningun-atentado-ni-en-argentina-ni-en-otros-paises","status":"publish","type":"post","link":"https:\/\/enlamira.info\/index.php\/2024\/04\/15\/la-advertencia-del-presidente-de-la-daia-no-descarto-ningun-atentado-ni-en-argentina-ni-en-otros-paises\/","title":{"rendered":"La advertencia del presidente de la DAIA: \u201cNo descarto ning\u00fan atentado, ni en Argentina ni en otros pa\u00edses\u201d"},"content":{"rendered":"\n<p>Jorge Knoblovits se refiri\u00f3 al conflicto entre Israel e Ir\u00e1n y asegur\u00f3 que \u201csiempre hay que tener la guardia alta\u201d.<\/p>\n\n\n\n<p>El titular de la\u00a0Delegaci\u00f3n de Asociaciones Israelitas Argentinas (DAIA),\u00a0Jorge Knoblovits, hizo referencia a la\u00a0escalada del conflicto entre Israel e Ir\u00e1n\u00a0y advirti\u00f3 que\u00a0no descarta un atentando en la Argentina o en otro pa\u00eds.<\/p>\n\n\n\n<p>\u201cSiempre hay que tener la guardia alta\u201d, sostuvo Knoblovits en referencia a Ir\u00e1n y agreg\u00f3: \u201cEl terror est\u00e1 instalado en el mundo y tenemos que estar del lado adecuado.\u00a0No descarto ning\u00fan atentado, ni en Argentina ni en otros pa\u00edses.\u00a0Tenemos que investigar, estar alertas y saber de qu\u00e9 lado estamos\u201d.<\/p>\n\n\n\n<p>Respecto del pa\u00eds, el titular de la DAIA, record\u00f3: \u201cBolivia firm\u00f3 un acuerdo de cooperaci\u00f3n militar con Ir\u00e1n para vigilar fronteras.\u00a0Yo no estar\u00eda muy tranquilo si Ir\u00e1n vigilara las fronteras entre Bolivia y Argentina\u201c.<\/p>\n\n\n\n<p>Sobre la posici\u00f3n del Gobierno argentino en apoy\u00f3 a Israel, asegur\u00f3 en di\u00e1logo con radio\u00a0<em>La Red<\/em>\u00a0que \u201cser neutral es estar del otro lado. Estamos ante un debate de valores democr\u00e1ticos y uno tiene que decir de qu\u00e9 lado est\u00e1\u201d.<\/p>\n\n\n\n<p>Durante el fin de semana, la DAIA ya hab\u00eda manifestado su\u00a0\u201capoyo incondicional\u201d a Israel\u00a0mediante un comunicado.<\/p>\n\n\n\n<p>\u201cIr\u00e1n ha sido imputada como responsable de los dos ataques terroristas en nuestro pa\u00eds.\u00a0Solicitamos a todas las organizaciones de la sociedad civil de la Rep\u00fablica Argentina que expresen su solidaridad con los valores democr\u00e1ticos y el derecho de defensa del Estado de Israel\u201c, expres\u00f3 la organizaci\u00f3n.<\/p>\n","protected":false},"excerpt":{"rendered":"<p>Jorge Knoblovits se refiri\u00f3 al conflicto entre Israel e Ir\u00e1n y asegur\u00f3 que \u201csiempre hay que tener la guardia alta\u201d. El titular de la\u00a0Delegaci\u00f3n de Asociaciones Israelitas Argentinas (DAIA),\u00a0Jorge Knoblovits, hizo referencia a la\u00a0escalada del conflicto entre Israel e Ir\u00e1n\u00a0y advirti\u00f3 que\u00a0no descarta un atentando en la Argentina o en otro pa\u00eds. \u201cSiempre hay que [&hellip;]<\/p>\n","protected":false},"author":2,"featured_media":3313,"comment_status":"open","ping_status":"open","sticky":false,"template":"","format":"standard","meta":{"footnotes":""},"categories":[20],"tags":[],"_links":{"self":[{"href":"https:\/\/enlamira.info\/index.php\/wp-json\/wp\/v2\/posts\/3311"}],"collection":[{"href":"https:\/\/enlamira.info\/index.php\/wp-json\/wp\/v2\/posts"}],"about":[{"href":"https:\/\/enlamira.info\/index.php\/wp-json\/wp\/v2\/types\/post"}],"author":[{"embeddable":true,"href":"https:\/\/enlamira.info\/index.php\/wp-json\/wp\/v2\/users\/2"}],"replies":[{"embeddable":true,"href":"https:\/\/enlamira.info\/index.php\/wp-json\/wp\/v2\/comments?post=3311"}],"version-history":[{"count":1,"href":"https:\/\/enlamira.info\/index.php\/wp-json\/wp\/v2\/posts\/3311\/revisions"}],"predecessor-version":[{"id":3312,"href":"https:\/\/enlamira.info\/index.php\/wp-json\/wp\/v2\/posts\/3311\/revisions\/3312"}],"wp:featuredmedia":[{"embeddable":true,"href":"https:\/\/enlamira.info\/index.php\/wp-json\/wp\/v2\/media\/3313"}],"wp:attachment":[{"href":"https:\/\/enlamira.info\/index.php\/wp-json\/wp\/v2\/media?parent=3311"}],"wp:term":[{"taxonomy":"category","embeddable":true,"href":"https:\/\/enlamira.info\/index.php\/wp-json\/wp\/v2\/categories?post=3311"},{"taxonomy":"post_tag","embeddable":true,"href":"https:\/\/enlamira.info\/index.php\/wp-json\/wp\/v2\/tags?post=3311"}],"curies":[{"name":"wp","href":"https:\/\/api.w.org\/{rel}","templated":true}]}}