{"id":3309,"date":"2024-04-15T11:27:46","date_gmt":"2024-04-15T14:27:46","guid":{"rendered":"https:\/\/enlamira.info\/?p=3309"},"modified":"2024-04-15T12:01:20","modified_gmt":"2024-04-15T15:01:20","slug":"el-gobierno-porteno-extremo-las-medidas-de-seguridad-tras-el-ataque-de-iran-a-israel","status":"publish","type":"post","link":"https:\/\/enlamira.info\/index.php\/2024\/04\/15\/el-gobierno-porteno-extremo-las-medidas-de-seguridad-tras-el-ataque-de-iran-a-israel\/","title":{"rendered":"El Gobierno porte\u00f1o extrem\u00f3 las medidas de seguridad tras el ataque de Ir\u00e1n a Israel"},"content":{"rendered":"\n<p>Lo confirm\u00f3 el ministro de Seguridad de la Ciudad, Waldo Wolff, quien explic\u00f3 que la polic\u00eda local \u201cno est\u00e1 preparada para los ataques terroristas\u201d y por eso que se est\u00e1 llevando adelante una urgente capacitaci\u00f3n.<\/p>\n\n\n\n<p>La\u00a0Ciudad de\u00a0Buenos\u00a0Aires\u00a0elev\u00f3 el nivel de alerta a\u00a0\u201calto\u201d\u00a0y extrem\u00f3 las medidas de seguridad ante posibles amenazas\u00a0terroristas\u00a0como consecuencia del ataque de\u00a0Ir\u00e1n\u00a0a\u00a0Israel\u00a0durante el s\u00e1bado por la noche.<\/p>\n\n\n\n<p>El ministro de Seguridad de la Ciudad de Buenos Aires,\u00a0Waldo\u00a0Wolff, explic\u00f3 que reforzaron la seguridad en todo el distrito luego de recibir la orden directa del jefe de Gobierno porte\u00f1o,\u00a0Jorge Macri.<\/p>\n\n\n\n<p>\u201cEl terrorismo internacional est\u00e1 buscando blancos que no son tan convencionales\u201d, indic\u00f3 el funcionario local. \u201cTenemos objetivos sensibles fijos, que son los de siempre. Pero el terrorismo internacional est\u00e1 buscando blancos que no son tan convencionales y tenemos que reforzar la creatividad en ese aspecto, pensar cu\u00e1les son los lugares donde debemos dar m\u00e1s seguridad\u201d, exclam\u00f3\u00a0Wolff.<\/p>\n\n\n\n<p>A su vez,\u00a0Wolff\u00a0reconoci\u00f3 que \u201cla polic\u00eda no est\u00e1 preparada para los ataques terroristas\u201d y es por eso que se est\u00e1 llevando adelante una capacitaci\u00f3n para que puedan resolver situaciones l\u00edmites en ese aspecto.<\/p>\n\n\n\n<p>\u201cLos estamos capacitando para proceder cuando aparece un bolso sospechoso, que puedan armar un cord\u00f3n, llamar al escuadr\u00f3n antibombas y todo lo que conlleva el operativo\u201d, detall\u00f3 Wolff.<\/p>\n\n\n\n<p>\u201cNunca alcanzan las medidas de seguridad, pero tener una oficina que nuclee la informaci\u00f3n, que mejore la capacidad de formaci\u00f3n de su polic\u00eda jurisdiccional y que est\u00e9 interactuando con las fuerzas federales, lleva tranquilidad de que estamos trabajando\u201d, agreg\u00f3.<\/p>\n\n\n\n<p>En ese sentido, concluy\u00f3: \u201cElevamos el nivel de alerta dentro de nuestra polic\u00eda, tiene que ver con un trabajo organizativo y de maximizar la informaci\u00f3n que tenemos. Tenemos los mismos polic\u00edas que antes del atentado, lo que tenemos es gente m\u00e1s atenta a cuestiones espec\u00edficas, informando a las fuerzas federales y trabajando en conjunto\u201d.<\/p>\n","protected":false},"excerpt":{"rendered":"<p>Lo confirm\u00f3 el ministro de Seguridad de la Ciudad, Waldo Wolff, quien explic\u00f3 que la polic\u00eda local \u201cno est\u00e1 preparada para los ataques terroristas\u201d y por eso que se est\u00e1 llevando adelante una urgente capacitaci\u00f3n. La\u00a0Ciudad de\u00a0Buenos\u00a0Aires\u00a0elev\u00f3 el nivel de alerta a\u00a0\u201calto\u201d\u00a0y extrem\u00f3 las medidas de seguridad ante posibles amenazas\u00a0terroristas\u00a0como consecuencia del ataque de\u00a0Ir\u00e1n\u00a0a\u00a0Israel\u00a0durante el [&hellip;]<\/p>\n","protected":false},"author":2,"featured_media":3372,"comment_status":"open","ping_status":"open","sticky":false,"template":"","format":"standard","meta":{"footnotes":""},"categories":[20],"tags":[],"_links":{"self":[{"href":"https:\/\/enlamira.info\/index.php\/wp-json\/wp\/v2\/posts\/3309"}],"collection":[{"href":"https:\/\/enlamira.info\/index.php\/wp-json\/wp\/v2\/posts"}],"about":[{"href":"https:\/\/enlamira.info\/index.php\/wp-json\/wp\/v2\/types\/post"}],"author":[{"embeddable":true,"href":"https:\/\/enlamira.info\/index.php\/wp-json\/wp\/v2\/users\/2"}],"replies":[{"embeddable":true,"href":"https:\/\/enlamira.info\/index.php\/wp-json\/wp\/v2\/comments?post=3309"}],"version-history":[{"count":1,"href":"https:\/\/enlamira.info\/index.php\/wp-json\/wp\/v2\/posts\/3309\/revisions"}],"predecessor-version":[{"id":3310,"href":"https:\/\/enlamira.info\/index.php\/wp-json\/wp\/v2\/posts\/3309\/revisions\/3310"}],"wp:featuredmedia":[{"embeddable":true,"href":"https:\/\/enlamira.info\/index.php\/wp-json\/wp\/v2\/media\/3372"}],"wp:attachment":[{"href":"https:\/\/enlamira.info\/index.php\/wp-json\/wp\/v2\/media?parent=3309"}],"wp:term":[{"taxonomy":"category","embeddable":true,"href":"https:\/\/enlamira.info\/index.php\/wp-json\/wp\/v2\/categories?post=3309"},{"taxonomy":"post_tag","embeddable":true,"href":"https:\/\/enlamira.info\/index.php\/wp-json\/wp\/v2\/tags?post=3309"}],"curies":[{"name":"wp","href":"https:\/\/api.w.org\/{rel}","templated":true}]}}