{"id":3294,"date":"2024-04-15T11:23:53","date_gmt":"2024-04-15T14:23:53","guid":{"rendered":"https:\/\/enlamira.info\/?p=3294"},"modified":"2024-04-15T12:02:33","modified_gmt":"2024-04-15T15:02:33","slug":"juanfer-quintero-volvio-a-viajar-de-urgencia-a-colombia-el-comunicado-de-racing","status":"publish","type":"post","link":"https:\/\/enlamira.info\/index.php\/2024\/04\/15\/juanfer-quintero-volvio-a-viajar-de-urgencia-a-colombia-el-comunicado-de-racing\/","title":{"rendered":"Juanfer Quintero volvi\u00f3 a viajar de urgencia a Colombia: el comunicado de Racing"},"content":{"rendered":"\n<p>La Academia pierde al enganche para la definici\u00f3n del torneo local.<\/p>\n\n\n\n<p>Juanfer Quintero volvi\u00f3 a viajar de urgencia a Colombia, seg\u00fan la informaci\u00f3n de Racing\u00a0en sus redes sociales, y se pierde la definici\u00f3n de la Copa de la Liga.<\/p>\n\n\n\n<p>El comunicado del club detalla: \u201cRacing Club informa que Juan Fernando Quintero debi\u00f3 viajar a Colombia por razones personales y, por tal motivo, esta ma\u00f1ana no estuvo presente en el entrenamiento del plantel profesional\u201d.<\/p>\n\n\n\n<p>Y cierra: \u201c\u00a1Todos y todas estamos con vos, querido Juanfer!<\/p>\n\n\n\n<p><em>La Academia<\/em>&nbsp;ya perdi\u00f3 a Juanfer por el mismo motivo la semana pasada para el encuentro de Copa Sudamericana ante Red Bull Bragantino.&nbsp;<strong><\/strong><\/p>\n\n\n\n<p>Desde el club no hicieron nada oficial en ese momento pero se supo que el colombiano tuvo una\u00a0emergencia personal\u00a0de \u00faltima hora que lo oblig\u00f3 a viajar a\u00a0Medell\u00edn.<\/p>\n\n\n\n<h3 class=\"wp-block-heading\">El pedido de Juanfer en redes<\/h3>\n\n\n\n<p>Este mediod\u00eda, Quintero le hizo un pedido en su Instagram a sus seguidores de Colombia: \u201cBuen d\u00eda. Necesitamos donantes de sangre A+ en el banco de sangre del hospital Pablo Tob\u00f3n Uribe. Muchas gracias. Es algo urgente\u201d.<\/p>\n\n\n\n<figure class=\"wp-block-image size-large\"><img loading=\"lazy\" decoding=\"async\" width=\"768\" height=\"1024\" src=\"https:\/\/enlamira.info\/wp-content\/uploads\/2024\/04\/image-15-768x1024.png\" alt=\"\" class=\"wp-image-3295\" srcset=\"https:\/\/enlamira.info\/wp-content\/uploads\/2024\/04\/image-15-768x1024.png 768w, https:\/\/enlamira.info\/wp-content\/uploads\/2024\/04\/image-15-225x300.png 225w, https:\/\/enlamira.info\/wp-content\/uploads\/2024\/04\/image-15-1152x1536.png 1152w, https:\/\/enlamira.info\/wp-content\/uploads\/2024\/04\/image-15.png 1200w\" sizes=\"(max-width: 768px) 100vw, 768px\" \/><\/figure>\n","protected":false},"excerpt":{"rendered":"<p>La Academia pierde al enganche para la definici\u00f3n del torneo local. Juanfer Quintero volvi\u00f3 a viajar de urgencia a Colombia, seg\u00fan la informaci\u00f3n de Racing\u00a0en sus redes sociales, y se pierde la definici\u00f3n de la Copa de la Liga. El comunicado del club detalla: \u201cRacing Club informa que Juan Fernando Quintero debi\u00f3 viajar a Colombia [&hellip;]<\/p>\n","protected":false},"author":2,"featured_media":3298,"comment_status":"open","ping_status":"open","sticky":false,"template":"","format":"standard","meta":{"footnotes":""},"categories":[14],"tags":[],"_links":{"self":[{"href":"https:\/\/enlamira.info\/index.php\/wp-json\/wp\/v2\/posts\/3294"}],"collection":[{"href":"https:\/\/enlamira.info\/index.php\/wp-json\/wp\/v2\/posts"}],"about":[{"href":"https:\/\/enlamira.info\/index.php\/wp-json\/wp\/v2\/types\/post"}],"author":[{"embeddable":true,"href":"https:\/\/enlamira.info\/index.php\/wp-json\/wp\/v2\/users\/2"}],"replies":[{"embeddable":true,"href":"https:\/\/enlamira.info\/index.php\/wp-json\/wp\/v2\/comments?post=3294"}],"version-history":[{"count":1,"href":"https:\/\/enlamira.info\/index.php\/wp-json\/wp\/v2\/posts\/3294\/revisions"}],"predecessor-version":[{"id":3296,"href":"https:\/\/enlamira.info\/index.php\/wp-json\/wp\/v2\/posts\/3294\/revisions\/3296"}],"wp:featuredmedia":[{"embeddable":true,"href":"https:\/\/enlamira.info\/index.php\/wp-json\/wp\/v2\/media\/3298"}],"wp:attachment":[{"href":"https:\/\/enlamira.info\/index.php\/wp-json\/wp\/v2\/media?parent=3294"}],"wp:term":[{"taxonomy":"category","embeddable":true,"href":"https:\/\/enlamira.info\/index.php\/wp-json\/wp\/v2\/categories?post=3294"},{"taxonomy":"post_tag","embeddable":true,"href":"https:\/\/enlamira.info\/index.php\/wp-json\/wp\/v2\/tags?post=3294"}],"curies":[{"name":"wp","href":"https:\/\/api.w.org\/{rel}","templated":true}]}}